{"id":893,"date":"2020-04-14T20:34:56","date_gmt":"2020-04-14T18:34:56","guid":{"rendered":"https:\/\/www.fussball-tus-05-daun.de\/web\/?p=893"},"modified":"2020-04-14T20:35:27","modified_gmt":"2020-04-14T18:35:27","slug":"personalentscheidung-im-trainerteam-der-1-mannschaft","status":"publish","type":"post","link":"https:\/\/www.fussball-tus-05-daun.de\/web\/2020\/04\/14\/personalentscheidung-im-trainerteam-der-1-mannschaft\/","title":{"rendered":"Personalentscheidung im Trainerteam der 1. Mannschaft"},"content":{"rendered":"\n<p>Der TuS 05 Daun hat sich heute von seinem Spieler und Trainer Christian Britzius einvernehmlich getrennt.<\/p>\n\n\n\n<p>Wir danken ihm f\u00fcr die lange Zeit als Spieler sowie als Trainer und w\u00fcnschen ihm f\u00fcr die Zukunft alles Gute.<\/p>\n\n\n\n<p>Bis zum Ende der Saison \u00fcbernimmt Bekim Fetaovski alleine das Traineramt!<\/p>\n\n\n\n<p>Sportliche Gr\u00fc\u00dfe<\/p>\n\n\n\n<p>Die Abteilungsf\u00fchrung Fu\u00dfball &amp; der 1. Vorsitzende<\/p>\n","protected":false},"excerpt":{"rendered":"<p>Der TuS 05 Daun hat sich heute von seinem Spieler und Trainer Christian Britzius einvernehmlich getrennt. Wir danken ihm f\u00fcr die lange Zeit als Spieler sowie als Trainer und w\u00fcnschen ihm f\u00fcr die Zukunft alles Gute. Bis zum Ende der Saison \u00fcbernimmt Bekim Fetaovski alleine das Traineramt! Sportliche Gr\u00fc\u00dfe Die Abteilungsf\u00fchrung Fu\u00dfball &amp; der 1. &hellip; <a href=\"https:\/\/www.fussball-tus-05-daun.de\/web\/2020\/04\/14\/personalentscheidung-im-trainerteam-der-1-mannschaft\/\" class=\"more-link\"><span class=\"screen-reader-text\">\u201ePersonalentscheidung im Trainerteam der 1. Mannschaft\u201c <\/span>weiterlesen<\/a><\/p>\n","protected":false},"author":2,"featured_media":0,"comment_status":"closed","ping_status":"closed","sticky":false,"template":"","format":"standard","meta":{"footnotes":""},"categories":[3,1],"tags":[],"class_list":["post-893","post","type-post","status-publish","format-standard","hentry","category-1-mannschaft","category-allgemein"],"yoast_head":"<!-- This site is optimized with the Yoast SEO plugin v27.5 - https:\/\/yoast.com\/product\/yoast-seo-wordpress\/ -->\n<title>Personalentscheidung im Trainerteam der 1. Mannschaft - Fu\u00dfball - TuS-05 Daun<\/title>\n<meta name=\"robots\" content=\"index, follow, max-snippet:-1, max-image-preview:large, max-video-preview:-1\" \/>\n<link rel=\"canonical\" href=\"https:\/\/www.fussball-tus-05-daun.de\/web\/2020\/04\/14\/personalentscheidung-im-trainerteam-der-1-mannschaft\/\" \/>\n<meta property=\"og:locale\" content=\"de_DE\" \/>\n<meta property=\"og:type\" content=\"article\" \/>\n<meta property=\"og:title\" content=\"Personalentscheidung im Trainerteam der 1. Mannschaft - Fu\u00dfball - TuS-05 Daun\" \/>\n<meta property=\"og:description\" content=\"Der TuS 05 Daun hat sich heute von seinem Spieler und Trainer Christian Britzius einvernehmlich getrennt. Wir danken ihm f\u00fcr die lange Zeit als Spieler sowie als Trainer und w\u00fcnschen ihm f\u00fcr die Zukunft alles Gute. Bis zum Ende der Saison \u00fcbernimmt Bekim Fetaovski alleine das Traineramt! Sportliche Gr\u00fc\u00dfe Die Abteilungsf\u00fchrung Fu\u00dfball &amp; der 1. &hellip; \u201ePersonalentscheidung im Trainerteam der 1. Mannschaft\u201c weiterlesen\" \/>\n<meta property=\"og:url\" content=\"https:\/\/www.fussball-tus-05-daun.de\/web\/2020\/04\/14\/personalentscheidung-im-trainerteam-der-1-mannschaft\/\" \/>\n<meta property=\"og:site_name\" content=\"Fu\u00dfball - TuS-05 Daun\" \/>\n<meta property=\"article:publisher\" content=\"https:\/\/www.facebook.com\/Tus05DaunFussball\/\" \/>\n<meta property=\"article:published_time\" content=\"2020-04-14T18:34:56+00:00\" \/>\n<meta property=\"article:modified_time\" content=\"2020-04-14T18:35:27+00:00\" \/>\n<meta name=\"author\" content=\"Sven Edinger\" \/>\n<meta name=\"twitter:card\" content=\"summary_large_image\" \/>\n<meta name=\"twitter:label1\" content=\"Verfasst von\" \/>\n\t<meta name=\"twitter:data1\" content=\"Sven Edinger\" \/>\n<script type=\"application\/ld+json\" class=\"yoast-schema-graph\">{\"@context\":\"https:\\\/\\\/schema.org\",\"@graph\":[{\"@type\":\"Article\",\"@id\":\"https:\\\/\\\/www.fussball-tus-05-daun.de\\\/web\\\/2020\\\/04\\\/14\\\/personalentscheidung-im-trainerteam-der-1-mannschaft\\\/#article\",\"isPartOf\":{\"@id\":\"https:\\\/\\\/www.fussball-tus-05-daun.de\\\/web\\\/2020\\\/04\\\/14\\\/personalentscheidung-im-trainerteam-der-1-mannschaft\\\/\"},\"author\":{\"name\":\"Sven Edinger\",\"@id\":\"https:\\\/\\\/www.fussball-tus-05-daun.de\\\/web\\\/#\\\/schema\\\/person\\\/903c0f6d9575ff029d9cb79ca40d3dfa\"},\"headline\":\"Personalentscheidung im Trainerteam der 1. Mannschaft\",\"datePublished\":\"2020-04-14T18:34:56+00:00\",\"dateModified\":\"2020-04-14T18:35:27+00:00\",\"mainEntityOfPage\":{\"@id\":\"https:\\\/\\\/www.fussball-tus-05-daun.de\\\/web\\\/2020\\\/04\\\/14\\\/personalentscheidung-im-trainerteam-der-1-mannschaft\\\/\"},\"wordCount\":65,\"publisher\":{\"@id\":\"https:\\\/\\\/www.fussball-tus-05-daun.de\\\/web\\\/#organization\"},\"articleSection\":[\"1. Mannschaft\"],\"inLanguage\":\"de\"},{\"@type\":\"WebPage\",\"@id\":\"https:\\\/\\\/www.fussball-tus-05-daun.de\\\/web\\\/2020\\\/04\\\/14\\\/personalentscheidung-im-trainerteam-der-1-mannschaft\\\/\",\"url\":\"https:\\\/\\\/www.fussball-tus-05-daun.de\\\/web\\\/2020\\\/04\\\/14\\\/personalentscheidung-im-trainerteam-der-1-mannschaft\\\/\",\"name\":\"Personalentscheidung im Trainerteam der 1. Mannschaft - Fu\u00dfball - TuS-05 Daun\",\"isPartOf\":{\"@id\":\"https:\\\/\\\/www.fussball-tus-05-daun.de\\\/web\\\/#website\"},\"datePublished\":\"2020-04-14T18:34:56+00:00\",\"dateModified\":\"2020-04-14T18:35:27+00:00\",\"breadcrumb\":{\"@id\":\"https:\\\/\\\/www.fussball-tus-05-daun.de\\\/web\\\/2020\\\/04\\\/14\\\/personalentscheidung-im-trainerteam-der-1-mannschaft\\\/#breadcrumb\"},\"inLanguage\":\"de\",\"potentialAction\":[{\"@type\":\"ReadAction\",\"target\":[\"https:\\\/\\\/www.fussball-tus-05-daun.de\\\/web\\\/2020\\\/04\\\/14\\\/personalentscheidung-im-trainerteam-der-1-mannschaft\\\/\"]}]},{\"@type\":\"BreadcrumbList\",\"@id\":\"https:\\\/\\\/www.fussball-tus-05-daun.de\\\/web\\\/2020\\\/04\\\/14\\\/personalentscheidung-im-trainerteam-der-1-mannschaft\\\/#breadcrumb\",\"itemListElement\":[{\"@type\":\"ListItem\",\"position\":1,\"name\":\"Startseite\",\"item\":\"https:\\\/\\\/www.fussball-tus-05-daun.de\\\/web\\\/\"},{\"@type\":\"ListItem\",\"position\":2,\"name\":\"Personalentscheidung im Trainerteam der 1. Mannschaft\"}]},{\"@type\":\"WebSite\",\"@id\":\"https:\\\/\\\/www.fussball-tus-05-daun.de\\\/web\\\/#website\",\"url\":\"https:\\\/\\\/www.fussball-tus-05-daun.de\\\/web\\\/\",\"name\":\"Fu\u00dfball - TuS-05 Daun\",\"description\":\"\",\"publisher\":{\"@id\":\"https:\\\/\\\/www.fussball-tus-05-daun.de\\\/web\\\/#organization\"},\"potentialAction\":[{\"@type\":\"SearchAction\",\"target\":{\"@type\":\"EntryPoint\",\"urlTemplate\":\"https:\\\/\\\/www.fussball-tus-05-daun.de\\\/web\\\/?s={search_term_string}\"},\"query-input\":{\"@type\":\"PropertyValueSpecification\",\"valueRequired\":true,\"valueName\":\"search_term_string\"}}],\"inLanguage\":\"de\"},{\"@type\":\"Organization\",\"@id\":\"https:\\\/\\\/www.fussball-tus-05-daun.de\\\/web\\\/#organization\",\"name\":\"Fu\u00dfball - TuS Daun 05\",\"url\":\"https:\\\/\\\/www.fussball-tus-05-daun.de\\\/web\\\/\",\"logo\":{\"@type\":\"ImageObject\",\"inLanguage\":\"de\",\"@id\":\"https:\\\/\\\/www.fussball-tus-05-daun.de\\\/web\\\/#\\\/schema\\\/logo\\\/image\\\/\",\"url\":\"https:\\\/\\\/www.fussball-tus-05-daun.de\\\/web\\\/wp-content\\\/uploads\\\/2019\\\/01\\\/TuSDaun05.jpg\",\"contentUrl\":\"https:\\\/\\\/www.fussball-tus-05-daun.de\\\/web\\\/wp-content\\\/uploads\\\/2019\\\/01\\\/TuSDaun05.jpg\",\"width\":1533,\"height\":505,\"caption\":\"Fu\u00dfball - TuS Daun 05\"},\"image\":{\"@id\":\"https:\\\/\\\/www.fussball-tus-05-daun.de\\\/web\\\/#\\\/schema\\\/logo\\\/image\\\/\"},\"sameAs\":[\"https:\\\/\\\/www.facebook.com\\\/Tus05DaunFussball\\\/\"]},{\"@type\":\"Person\",\"@id\":\"https:\\\/\\\/www.fussball-tus-05-daun.de\\\/web\\\/#\\\/schema\\\/person\\\/903c0f6d9575ff029d9cb79ca40d3dfa\",\"name\":\"Sven Edinger\",\"image\":{\"@type\":\"ImageObject\",\"inLanguage\":\"de\",\"@id\":\"https:\\\/\\\/secure.gravatar.com\\\/avatar\\\/f2cf85e0fb1c54df8a26d01509cd8fc6c658cd04f26c533cf91f1194ee13f7fa?s=96&d=mm&r=g\",\"url\":\"https:\\\/\\\/secure.gravatar.com\\\/avatar\\\/f2cf85e0fb1c54df8a26d01509cd8fc6c658cd04f26c533cf91f1194ee13f7fa?s=96&d=mm&r=g\",\"contentUrl\":\"https:\\\/\\\/secure.gravatar.com\\\/avatar\\\/f2cf85e0fb1c54df8a26d01509cd8fc6c658cd04f26c533cf91f1194ee13f7fa?s=96&d=mm&r=g\",\"caption\":\"Sven Edinger\"}}]}<\/script>\n<!-- \/ Yoast SEO plugin. -->","yoast_head_json":{"title":"Personalentscheidung im Trainerteam der 1. Mannschaft - Fu\u00dfball - TuS-05 Daun","robots":{"index":"index","follow":"follow","max-snippet":"max-snippet:-1","max-image-preview":"max-image-preview:large","max-video-preview":"max-video-preview:-1"},"canonical":"https:\/\/www.fussball-tus-05-daun.de\/web\/2020\/04\/14\/personalentscheidung-im-trainerteam-der-1-mannschaft\/","og_locale":"de_DE","og_type":"article","og_title":"Personalentscheidung im Trainerteam der 1. Mannschaft - Fu\u00dfball - TuS-05 Daun","og_description":"Der TuS 05 Daun hat sich heute von seinem Spieler und Trainer Christian Britzius einvernehmlich getrennt. Wir danken ihm f\u00fcr die lange Zeit als Spieler sowie als Trainer und w\u00fcnschen ihm f\u00fcr die Zukunft alles Gute. Bis zum Ende der Saison \u00fcbernimmt Bekim Fetaovski alleine das Traineramt! Sportliche Gr\u00fc\u00dfe Die Abteilungsf\u00fchrung Fu\u00dfball &amp; der 1. &hellip; \u201ePersonalentscheidung im Trainerteam der 1. Mannschaft\u201c weiterlesen","og_url":"https:\/\/www.fussball-tus-05-daun.de\/web\/2020\/04\/14\/personalentscheidung-im-trainerteam-der-1-mannschaft\/","og_site_name":"Fu\u00dfball - TuS-05 Daun","article_publisher":"https:\/\/www.facebook.com\/Tus05DaunFussball\/","article_published_time":"2020-04-14T18:34:56+00:00","article_modified_time":"2020-04-14T18:35:27+00:00","author":"Sven Edinger","twitter_card":"summary_large_image","twitter_misc":{"Verfasst von":"Sven Edinger"},"schema":{"@context":"https:\/\/schema.org","@graph":[{"@type":"Article","@id":"https:\/\/www.fussball-tus-05-daun.de\/web\/2020\/04\/14\/personalentscheidung-im-trainerteam-der-1-mannschaft\/#article","isPartOf":{"@id":"https:\/\/www.fussball-tus-05-daun.de\/web\/2020\/04\/14\/personalentscheidung-im-trainerteam-der-1-mannschaft\/"},"author":{"name":"Sven Edinger","@id":"https:\/\/www.fussball-tus-05-daun.de\/web\/#\/schema\/person\/903c0f6d9575ff029d9cb79ca40d3dfa"},"headline":"Personalentscheidung im Trainerteam der 1. Mannschaft","datePublished":"2020-04-14T18:34:56+00:00","dateModified":"2020-04-14T18:35:27+00:00","mainEntityOfPage":{"@id":"https:\/\/www.fussball-tus-05-daun.de\/web\/2020\/04\/14\/personalentscheidung-im-trainerteam-der-1-mannschaft\/"},"wordCount":65,"publisher":{"@id":"https:\/\/www.fussball-tus-05-daun.de\/web\/#organization"},"articleSection":["1. Mannschaft"],"inLanguage":"de"},{"@type":"WebPage","@id":"https:\/\/www.fussball-tus-05-daun.de\/web\/2020\/04\/14\/personalentscheidung-im-trainerteam-der-1-mannschaft\/","url":"https:\/\/www.fussball-tus-05-daun.de\/web\/2020\/04\/14\/personalentscheidung-im-trainerteam-der-1-mannschaft\/","name":"Personalentscheidung im Trainerteam der 1. Mannschaft - Fu\u00dfball - TuS-05 Daun","isPartOf":{"@id":"https:\/\/www.fussball-tus-05-daun.de\/web\/#website"},"datePublished":"2020-04-14T18:34:56+00:00","dateModified":"2020-04-14T18:35:27+00:00","breadcrumb":{"@id":"https:\/\/www.fussball-tus-05-daun.de\/web\/2020\/04\/14\/personalentscheidung-im-trainerteam-der-1-mannschaft\/#breadcrumb"},"inLanguage":"de","potentialAction":[{"@type":"ReadAction","target":["https:\/\/www.fussball-tus-05-daun.de\/web\/2020\/04\/14\/personalentscheidung-im-trainerteam-der-1-mannschaft\/"]}]},{"@type":"BreadcrumbList","@id":"https:\/\/www.fussball-tus-05-daun.de\/web\/2020\/04\/14\/personalentscheidung-im-trainerteam-der-1-mannschaft\/#breadcrumb","itemListElement":[{"@type":"ListItem","position":1,"name":"Startseite","item":"https:\/\/www.fussball-tus-05-daun.de\/web\/"},{"@type":"ListItem","position":2,"name":"Personalentscheidung im Trainerteam der 1. Mannschaft"}]},{"@type":"WebSite","@id":"https:\/\/www.fussball-tus-05-daun.de\/web\/#website","url":"https:\/\/www.fussball-tus-05-daun.de\/web\/","name":"Fu\u00dfball - TuS-05 Daun","description":"","publisher":{"@id":"https:\/\/www.fussball-tus-05-daun.de\/web\/#organization"},"potentialAction":[{"@type":"SearchAction","target":{"@type":"EntryPoint","urlTemplate":"https:\/\/www.fussball-tus-05-daun.de\/web\/?s={search_term_string}"},"query-input":{"@type":"PropertyValueSpecification","valueRequired":true,"valueName":"search_term_string"}}],"inLanguage":"de"},{"@type":"Organization","@id":"https:\/\/www.fussball-tus-05-daun.de\/web\/#organization","name":"Fu\u00dfball - TuS Daun 05","url":"https:\/\/www.fussball-tus-05-daun.de\/web\/","logo":{"@type":"ImageObject","inLanguage":"de","@id":"https:\/\/www.fussball-tus-05-daun.de\/web\/#\/schema\/logo\/image\/","url":"https:\/\/www.fussball-tus-05-daun.de\/web\/wp-content\/uploads\/2019\/01\/TuSDaun05.jpg","contentUrl":"https:\/\/www.fussball-tus-05-daun.de\/web\/wp-content\/uploads\/2019\/01\/TuSDaun05.jpg","width":1533,"height":505,"caption":"Fu\u00dfball - TuS Daun 05"},"image":{"@id":"https:\/\/www.fussball-tus-05-daun.de\/web\/#\/schema\/logo\/image\/"},"sameAs":["https:\/\/www.facebook.com\/Tus05DaunFussball\/"]},{"@type":"Person","@id":"https:\/\/www.fussball-tus-05-daun.de\/web\/#\/schema\/person\/903c0f6d9575ff029d9cb79ca40d3dfa","name":"Sven Edinger","image":{"@type":"ImageObject","inLanguage":"de","@id":"https:\/\/secure.gravatar.com\/avatar\/f2cf85e0fb1c54df8a26d01509cd8fc6c658cd04f26c533cf91f1194ee13f7fa?s=96&d=mm&r=g","url":"https:\/\/secure.gravatar.com\/avatar\/f2cf85e0fb1c54df8a26d01509cd8fc6c658cd04f26c533cf91f1194ee13f7fa?s=96&d=mm&r=g","contentUrl":"https:\/\/secure.gravatar.com\/avatar\/f2cf85e0fb1c54df8a26d01509cd8fc6c658cd04f26c533cf91f1194ee13f7fa?s=96&d=mm&r=g","caption":"Sven Edinger"}}]}},"_links":{"self":[{"href":"https:\/\/www.fussball-tus-05-daun.de\/web\/wp-json\/wp\/v2\/posts\/893","targetHints":{"allow":["GET"]}}],"collection":[{"href":"https:\/\/www.fussball-tus-05-daun.de\/web\/wp-json\/wp\/v2\/posts"}],"about":[{"href":"https:\/\/www.fussball-tus-05-daun.de\/web\/wp-json\/wp\/v2\/types\/post"}],"author":[{"embeddable":true,"href":"https:\/\/www.fussball-tus-05-daun.de\/web\/wp-json\/wp\/v2\/users\/2"}],"replies":[{"embeddable":true,"href":"https:\/\/www.fussball-tus-05-daun.de\/web\/wp-json\/wp\/v2\/comments?post=893"}],"version-history":[{"count":2,"href":"https:\/\/www.fussball-tus-05-daun.de\/web\/wp-json\/wp\/v2\/posts\/893\/revisions"}],"predecessor-version":[{"id":895,"href":"https:\/\/www.fussball-tus-05-daun.de\/web\/wp-json\/wp\/v2\/posts\/893\/revisions\/895"}],"wp:attachment":[{"href":"https:\/\/www.fussball-tus-05-daun.de\/web\/wp-json\/wp\/v2\/media?parent=893"}],"wp:term":[{"taxonomy":"category","embeddable":true,"href":"https:\/\/www.fussball-tus-05-daun.de\/web\/wp-json\/wp\/v2\/categories?post=893"},{"taxonomy":"post_tag","embeddable":true,"href":"https:\/\/www.fussball-tus-05-daun.de\/web\/wp-json\/wp\/v2\/tags?post=893"}],"curies":[{"name":"wp","href":"https:\/\/api.w.org\/{rel}","templated":true}]}}