{"id":861,"date":"2020-02-15T07:49:16","date_gmt":"2020-02-15T06:49:16","guid":{"rendered":"https:\/\/www.fussball-tus-05-daun.de\/web\/?p=861"},"modified":"2020-02-15T07:52:02","modified_gmt":"2020-02-15T06:52:02","slug":"13-technisat-hallenfussball-jgd-turnier","status":"publish","type":"post","link":"https:\/\/www.fussball-tus-05-daun.de\/web\/2020\/02\/15\/13-technisat-hallenfussball-jgd-turnier\/","title":{"rendered":"13. TechniSat \u2013 Hallenfu\u00dfball &#8211; Jgd-Turnier"},"content":{"rendered":"\n<h2 class=\"has-text-align-center wp-block-heading\">des TuS 05 Daun&nbsp;am 15. bis 16.02.2020 in der Wehrb\u00fcschhalle in Daun<\/h2>\n\n\n\n<div class=\"wp-block-image\"><figure class=\"aligncenter size-large is-resized\"><img loading=\"lazy\" decoding=\"async\" src=\"https:\/\/www.fussball-tus-05-daun.de\/web\/wp-content\/uploads\/2020\/02\/P1040452-1024x768.jpg\" alt=\"\" class=\"wp-image-868\" width=\"639\" height=\"479\" srcset=\"https:\/\/www.fussball-tus-05-daun.de\/web\/wp-content\/uploads\/2020\/02\/P1040452-1024x768.jpg 1024w, https:\/\/www.fussball-tus-05-daun.de\/web\/wp-content\/uploads\/2020\/02\/P1040452-300x225.jpg 300w, https:\/\/www.fussball-tus-05-daun.de\/web\/wp-content\/uploads\/2020\/02\/P1040452-768x576.jpg 768w, https:\/\/www.fussball-tus-05-daun.de\/web\/wp-content\/uploads\/2020\/02\/P1040452-1536x1152.jpg 1536w, https:\/\/www.fussball-tus-05-daun.de\/web\/wp-content\/uploads\/2020\/02\/P1040452-2048x1536.jpg 2048w, https:\/\/www.fussball-tus-05-daun.de\/web\/wp-content\/uploads\/2020\/02\/P1040452-1200x900.jpg 1200w\" sizes=\"auto, (max-width: 709px) 85vw, (max-width: 909px) 67vw, (max-width: 984px) 61vw, (max-width: 1362px) 45vw, 600px\" \/><\/figure><\/div>\n\n\n\n<p class=\"has-text-align-center\"><strong>\u201cTuS bewegt Kinder sowie Jgdl. und macht sie stark&nbsp;&nbsp;!\u201c<\/strong><\/p>\n\n\n\n<p>&nbsp;Der TuS 05 Daun f\u00fchrt nun schon zum 13. Mal sein traditionelles Jgd &#8211; Fu\u00dfballturnier durch.&nbsp;34 Mannschaften mit ca. 340 Jgd- Spielern in den&nbsp;&nbsp;Bambini-, F-, E-, D- und C-Mannschaftenwerden wieder um Pokale und Preise k\u00e4mpfen.<\/p>\n\n\n\n<p class=\"has-normal-font-size\"><strong>Spielplan des Turniers am 15.02.2020<\/strong><br><br>10:00 \u2013 13:30 Uhr&nbsp;&nbsp;&nbsp;D\u2013 Jgd&nbsp;&nbsp;&#8211; Turnier&nbsp;<br>14:00 \u2013 15:30 Uhr&nbsp;&nbsp;&nbsp;C \u2013 Jgd &#8211; Turnier<\/p>\n\n\n\n<p><strong>Spielplan des Turniers am 16.02.2020<\/strong><br><br>09:30 \u2013 12:15&nbsp;&nbsp;Uhr&nbsp;&nbsp;Bambini &#8211; Turnier&nbsp;&nbsp;<br>12:30 \u2013 16:00&nbsp;&nbsp;Uhr&nbsp;&nbsp;F \u2013 Jgd &#8211; Turnier&nbsp;&nbsp;<br>16:15 \u2013 10:00 Uhr&nbsp;&nbsp;&nbsp;E \u2013 Jgd &#8211; Turnier<br><\/p>\n\n\n\n<p><strong>F\u00fcr das leibliche Wohl der Eltern, Gro\u00dfeltern und aller G\u00e4ste wird durch den Veranstalter bestens gesorgt.<\/strong><\/p>\n\n\n\n<p><\/p>\n\n\n\n<p>Hier die Spielpl\u00e4ne f\u00fcr die einzelnen Turniere:<\/p>\n\n\n\n<div class=\"wp-block-file\"><a href=\"https:\/\/www.fussball-tus-05-daun.de\/web\/wp-content\/uploads\/2020\/02\/C-Jugend.pdf\">C-Jugend<\/a><a href=\"https:\/\/www.fussball-tus-05-daun.de\/web\/wp-content\/uploads\/2020\/02\/C-Jugend.pdf\" class=\"wp-block-file__button\" download>Herunterladen<\/a><\/div>\n\n\n\n<div class=\"wp-block-file\"><a href=\"https:\/\/www.fussball-tus-05-daun.de\/web\/wp-content\/uploads\/2020\/02\/D-Jugend.pdf\">D-Jugend<\/a><a href=\"https:\/\/www.fussball-tus-05-daun.de\/web\/wp-content\/uploads\/2020\/02\/D-Jugend.pdf\" class=\"wp-block-file__button\" download>Herunterladen<\/a><\/div>\n\n\n\n<div class=\"wp-block-file\"><a href=\"https:\/\/www.fussball-tus-05-daun.de\/web\/wp-content\/uploads\/2020\/02\/E-Jugend.pdf\">E-Jugend<\/a><a href=\"https:\/\/www.fussball-tus-05-daun.de\/web\/wp-content\/uploads\/2020\/02\/E-Jugend.pdf\" class=\"wp-block-file__button\" download>Herunterladen<\/a><\/div>\n\n\n\n<div class=\"wp-block-file\"><a href=\"https:\/\/www.fussball-tus-05-daun.de\/web\/wp-content\/uploads\/2020\/02\/F-Jugend.pdf\">F-Jugend<\/a><a href=\"https:\/\/www.fussball-tus-05-daun.de\/web\/wp-content\/uploads\/2020\/02\/F-Jugend.pdf\" class=\"wp-block-file__button\" download>Herunterladen<\/a><\/div>\n\n\n\n<div class=\"wp-block-file\"><a href=\"https:\/\/www.fussball-tus-05-daun.de\/web\/wp-content\/uploads\/2020\/02\/Bambinis.pdf\">Bambinis<\/a><a href=\"https:\/\/www.fussball-tus-05-daun.de\/web\/wp-content\/uploads\/2020\/02\/Bambinis.pdf\" class=\"wp-block-file__button\" download>Herunterladen<\/a><\/div>\n","protected":false},"excerpt":{"rendered":"<p>des TuS 05 Daun&nbsp;am 15. bis 16.02.2020 in der Wehrb\u00fcschhalle in Daun \u201cTuS bewegt Kinder sowie Jgdl. und macht sie stark&nbsp;&nbsp;!\u201c &nbsp;Der TuS 05 Daun f\u00fchrt nun schon zum 13. Mal sein traditionelles Jgd &#8211; Fu\u00dfballturnier durch.&nbsp;34 Mannschaften mit ca. 340 Jgd- Spielern in den&nbsp;&nbsp;Bambini-, F-, E-, D- und C-Mannschaftenwerden wieder um Pokale und Preise &hellip; <a href=\"https:\/\/www.fussball-tus-05-daun.de\/web\/2020\/02\/15\/13-technisat-hallenfussball-jgd-turnier\/\" class=\"more-link\"><span class=\"screen-reader-text\">\u201e13. TechniSat \u2013 Hallenfu\u00dfball &#8211; Jgd-Turnier\u201c <\/span>weiterlesen<\/a><\/p>\n","protected":false},"author":2,"featured_media":0,"comment_status":"closed","ping_status":"closed","sticky":false,"template":"","format":"standard","meta":{"footnotes":""},"categories":[16,1,5,15,6,7,8,17,18,9,11,12],"tags":[],"class_list":["post-861","post","type-post","status-publish","format-standard","hentry","category-a-jugend","category-allgemein","category-b1-jugend","category-b2-jugend","category-c-jugend","category-d1-jugend","category-d2-jugend","category-d3-jugend","category-aktuelles","category-e1-jugend","category-f1-jugend","category-f2-jugend"],"yoast_head":"<!-- This site is optimized with the Yoast SEO plugin v27.5 - https:\/\/yoast.com\/product\/yoast-seo-wordpress\/ -->\n<title>13. TechniSat \u2013 Hallenfu\u00dfball - Jgd-Turnier - Fu\u00dfball - TuS-05 Daun<\/title>\n<meta name=\"robots\" content=\"index, follow, max-snippet:-1, max-image-preview:large, max-video-preview:-1\" \/>\n<link rel=\"canonical\" href=\"https:\/\/www.fussball-tus-05-daun.de\/web\/2020\/02\/15\/13-technisat-hallenfussball-jgd-turnier\/\" \/>\n<meta property=\"og:locale\" content=\"de_DE\" \/>\n<meta property=\"og:type\" content=\"article\" \/>\n<meta property=\"og:title\" content=\"13. TechniSat \u2013 Hallenfu\u00dfball - Jgd-Turnier - Fu\u00dfball - TuS-05 Daun\" \/>\n<meta property=\"og:description\" content=\"des TuS 05 Daun&nbsp;am 15. bis 16.02.2020 in der Wehrb\u00fcschhalle in Daun \u201cTuS bewegt Kinder sowie Jgdl. und macht sie stark&nbsp;&nbsp;!\u201c &nbsp;Der TuS 05 Daun f\u00fchrt nun schon zum 13. Mal sein traditionelles Jgd &#8211; Fu\u00dfballturnier durch.&nbsp;34 Mannschaften mit ca. 340 Jgd- Spielern in den&nbsp;&nbsp;Bambini-, F-, E-, D- und C-Mannschaftenwerden wieder um Pokale und Preise &hellip; \u201e13. TechniSat \u2013 Hallenfu\u00dfball &#8211; Jgd-Turnier\u201c weiterlesen\" \/>\n<meta property=\"og:url\" content=\"https:\/\/www.fussball-tus-05-daun.de\/web\/2020\/02\/15\/13-technisat-hallenfussball-jgd-turnier\/\" \/>\n<meta property=\"og:site_name\" content=\"Fu\u00dfball - TuS-05 Daun\" \/>\n<meta property=\"article:publisher\" content=\"https:\/\/www.facebook.com\/Tus05DaunFussball\/\" \/>\n<meta property=\"article:published_time\" content=\"2020-02-15T06:49:16+00:00\" \/>\n<meta property=\"article:modified_time\" content=\"2020-02-15T06:52:02+00:00\" \/>\n<meta property=\"og:image\" content=\"https:\/\/www.fussball-tus-05-daun.de\/web\/wp-content\/uploads\/2020\/02\/P1040452-1024x768.jpg\" \/>\n<meta name=\"author\" content=\"Sven Edinger\" \/>\n<meta name=\"twitter:card\" content=\"summary_large_image\" \/>\n<meta name=\"twitter:label1\" content=\"Verfasst von\" \/>\n\t<meta name=\"twitter:data1\" content=\"Sven Edinger\" \/>\n\t<meta name=\"twitter:label2\" content=\"Gesch\u00e4tzte Lesezeit\" \/>\n\t<meta name=\"twitter:data2\" content=\"1\u00a0Minute\" \/>\n<script type=\"application\/ld+json\" class=\"yoast-schema-graph\">{\"@context\":\"https:\\\/\\\/schema.org\",\"@graph\":[{\"@type\":\"Article\",\"@id\":\"https:\\\/\\\/www.fussball-tus-05-daun.de\\\/web\\\/2020\\\/02\\\/15\\\/13-technisat-hallenfussball-jgd-turnier\\\/#article\",\"isPartOf\":{\"@id\":\"https:\\\/\\\/www.fussball-tus-05-daun.de\\\/web\\\/2020\\\/02\\\/15\\\/13-technisat-hallenfussball-jgd-turnier\\\/\"},\"author\":{\"name\":\"Sven Edinger\",\"@id\":\"https:\\\/\\\/www.fussball-tus-05-daun.de\\\/web\\\/#\\\/schema\\\/person\\\/903c0f6d9575ff029d9cb79ca40d3dfa\"},\"headline\":\"13. TechniSat \u2013 Hallenfu\u00dfball &#8211; Jgd-Turnier\",\"datePublished\":\"2020-02-15T06:49:16+00:00\",\"dateModified\":\"2020-02-15T06:52:02+00:00\",\"mainEntityOfPage\":{\"@id\":\"https:\\\/\\\/www.fussball-tus-05-daun.de\\\/web\\\/2020\\\/02\\\/15\\\/13-technisat-hallenfussball-jgd-turnier\\\/\"},\"wordCount\":162,\"publisher\":{\"@id\":\"https:\\\/\\\/www.fussball-tus-05-daun.de\\\/web\\\/#organization\"},\"image\":{\"@id\":\"https:\\\/\\\/www.fussball-tus-05-daun.de\\\/web\\\/2020\\\/02\\\/15\\\/13-technisat-hallenfussball-jgd-turnier\\\/#primaryimage\"},\"thumbnailUrl\":\"https:\\\/\\\/www.fussball-tus-05-daun.de\\\/web\\\/wp-content\\\/uploads\\\/2020\\\/02\\\/P1040452-1024x768.jpg\",\"articleSection\":{\"0\":\"A-Jugend\",\"2\":\"B1-Jugend\",\"3\":\"B2-Jugend\",\"4\":\"C-Jugend\",\"5\":\"D1-Jugend\",\"6\":\"D2-Jugend\",\"7\":\"D3-Jugend\",\"8\":\"D3-Jugend\",\"9\":\"E1-Jugend\",\"10\":\"F1-Jugend\",\"11\":\"F2-Jugend\"},\"inLanguage\":\"de\"},{\"@type\":\"WebPage\",\"@id\":\"https:\\\/\\\/www.fussball-tus-05-daun.de\\\/web\\\/2020\\\/02\\\/15\\\/13-technisat-hallenfussball-jgd-turnier\\\/\",\"url\":\"https:\\\/\\\/www.fussball-tus-05-daun.de\\\/web\\\/2020\\\/02\\\/15\\\/13-technisat-hallenfussball-jgd-turnier\\\/\",\"name\":\"13. TechniSat \u2013 Hallenfu\u00dfball - Jgd-Turnier - Fu\u00dfball - TuS-05 Daun\",\"isPartOf\":{\"@id\":\"https:\\\/\\\/www.fussball-tus-05-daun.de\\\/web\\\/#website\"},\"primaryImageOfPage\":{\"@id\":\"https:\\\/\\\/www.fussball-tus-05-daun.de\\\/web\\\/2020\\\/02\\\/15\\\/13-technisat-hallenfussball-jgd-turnier\\\/#primaryimage\"},\"image\":{\"@id\":\"https:\\\/\\\/www.fussball-tus-05-daun.de\\\/web\\\/2020\\\/02\\\/15\\\/13-technisat-hallenfussball-jgd-turnier\\\/#primaryimage\"},\"thumbnailUrl\":\"https:\\\/\\\/www.fussball-tus-05-daun.de\\\/web\\\/wp-content\\\/uploads\\\/2020\\\/02\\\/P1040452-1024x768.jpg\",\"datePublished\":\"2020-02-15T06:49:16+00:00\",\"dateModified\":\"2020-02-15T06:52:02+00:00\",\"breadcrumb\":{\"@id\":\"https:\\\/\\\/www.fussball-tus-05-daun.de\\\/web\\\/2020\\\/02\\\/15\\\/13-technisat-hallenfussball-jgd-turnier\\\/#breadcrumb\"},\"inLanguage\":\"de\",\"potentialAction\":[{\"@type\":\"ReadAction\",\"target\":[\"https:\\\/\\\/www.fussball-tus-05-daun.de\\\/web\\\/2020\\\/02\\\/15\\\/13-technisat-hallenfussball-jgd-turnier\\\/\"]}]},{\"@type\":\"ImageObject\",\"inLanguage\":\"de\",\"@id\":\"https:\\\/\\\/www.fussball-tus-05-daun.de\\\/web\\\/2020\\\/02\\\/15\\\/13-technisat-hallenfussball-jgd-turnier\\\/#primaryimage\",\"url\":\"https:\\\/\\\/www.fussball-tus-05-daun.de\\\/web\\\/wp-content\\\/uploads\\\/2020\\\/02\\\/P1040452.jpg\",\"contentUrl\":\"https:\\\/\\\/www.fussball-tus-05-daun.de\\\/web\\\/wp-content\\\/uploads\\\/2020\\\/02\\\/P1040452.jpg\",\"width\":2560,\"height\":1920},{\"@type\":\"BreadcrumbList\",\"@id\":\"https:\\\/\\\/www.fussball-tus-05-daun.de\\\/web\\\/2020\\\/02\\\/15\\\/13-technisat-hallenfussball-jgd-turnier\\\/#breadcrumb\",\"itemListElement\":[{\"@type\":\"ListItem\",\"position\":1,\"name\":\"Startseite\",\"item\":\"https:\\\/\\\/www.fussball-tus-05-daun.de\\\/web\\\/\"},{\"@type\":\"ListItem\",\"position\":2,\"name\":\"13. TechniSat \u2013 Hallenfu\u00dfball &#8211; Jgd-Turnier\"}]},{\"@type\":\"WebSite\",\"@id\":\"https:\\\/\\\/www.fussball-tus-05-daun.de\\\/web\\\/#website\",\"url\":\"https:\\\/\\\/www.fussball-tus-05-daun.de\\\/web\\\/\",\"name\":\"Fu\u00dfball - TuS-05 Daun\",\"description\":\"\",\"publisher\":{\"@id\":\"https:\\\/\\\/www.fussball-tus-05-daun.de\\\/web\\\/#organization\"},\"potentialAction\":[{\"@type\":\"SearchAction\",\"target\":{\"@type\":\"EntryPoint\",\"urlTemplate\":\"https:\\\/\\\/www.fussball-tus-05-daun.de\\\/web\\\/?s={search_term_string}\"},\"query-input\":{\"@type\":\"PropertyValueSpecification\",\"valueRequired\":true,\"valueName\":\"search_term_string\"}}],\"inLanguage\":\"de\"},{\"@type\":\"Organization\",\"@id\":\"https:\\\/\\\/www.fussball-tus-05-daun.de\\\/web\\\/#organization\",\"name\":\"Fu\u00dfball - TuS Daun 05\",\"url\":\"https:\\\/\\\/www.fussball-tus-05-daun.de\\\/web\\\/\",\"logo\":{\"@type\":\"ImageObject\",\"inLanguage\":\"de\",\"@id\":\"https:\\\/\\\/www.fussball-tus-05-daun.de\\\/web\\\/#\\\/schema\\\/logo\\\/image\\\/\",\"url\":\"https:\\\/\\\/www.fussball-tus-05-daun.de\\\/web\\\/wp-content\\\/uploads\\\/2019\\\/01\\\/TuSDaun05.jpg\",\"contentUrl\":\"https:\\\/\\\/www.fussball-tus-05-daun.de\\\/web\\\/wp-content\\\/uploads\\\/2019\\\/01\\\/TuSDaun05.jpg\",\"width\":1533,\"height\":505,\"caption\":\"Fu\u00dfball - TuS Daun 05\"},\"image\":{\"@id\":\"https:\\\/\\\/www.fussball-tus-05-daun.de\\\/web\\\/#\\\/schema\\\/logo\\\/image\\\/\"},\"sameAs\":[\"https:\\\/\\\/www.facebook.com\\\/Tus05DaunFussball\\\/\"]},{\"@type\":\"Person\",\"@id\":\"https:\\\/\\\/www.fussball-tus-05-daun.de\\\/web\\\/#\\\/schema\\\/person\\\/903c0f6d9575ff029d9cb79ca40d3dfa\",\"name\":\"Sven Edinger\",\"image\":{\"@type\":\"ImageObject\",\"inLanguage\":\"de\",\"@id\":\"https:\\\/\\\/secure.gravatar.com\\\/avatar\\\/f2cf85e0fb1c54df8a26d01509cd8fc6c658cd04f26c533cf91f1194ee13f7fa?s=96&d=mm&r=g\",\"url\":\"https:\\\/\\\/secure.gravatar.com\\\/avatar\\\/f2cf85e0fb1c54df8a26d01509cd8fc6c658cd04f26c533cf91f1194ee13f7fa?s=96&d=mm&r=g\",\"contentUrl\":\"https:\\\/\\\/secure.gravatar.com\\\/avatar\\\/f2cf85e0fb1c54df8a26d01509cd8fc6c658cd04f26c533cf91f1194ee13f7fa?s=96&d=mm&r=g\",\"caption\":\"Sven Edinger\"}}]}<\/script>\n<!-- \/ Yoast SEO plugin. -->","yoast_head_json":{"title":"13. TechniSat \u2013 Hallenfu\u00dfball - Jgd-Turnier - Fu\u00dfball - TuS-05 Daun","robots":{"index":"index","follow":"follow","max-snippet":"max-snippet:-1","max-image-preview":"max-image-preview:large","max-video-preview":"max-video-preview:-1"},"canonical":"https:\/\/www.fussball-tus-05-daun.de\/web\/2020\/02\/15\/13-technisat-hallenfussball-jgd-turnier\/","og_locale":"de_DE","og_type":"article","og_title":"13. TechniSat \u2013 Hallenfu\u00dfball - Jgd-Turnier - Fu\u00dfball - TuS-05 Daun","og_description":"des TuS 05 Daun&nbsp;am 15. bis 16.02.2020 in der Wehrb\u00fcschhalle in Daun \u201cTuS bewegt Kinder sowie Jgdl. und macht sie stark&nbsp;&nbsp;!\u201c &nbsp;Der TuS 05 Daun f\u00fchrt nun schon zum 13. Mal sein traditionelles Jgd &#8211; Fu\u00dfballturnier durch.&nbsp;34 Mannschaften mit ca. 340 Jgd- Spielern in den&nbsp;&nbsp;Bambini-, F-, E-, D- und C-Mannschaftenwerden wieder um Pokale und Preise &hellip; \u201e13. TechniSat \u2013 Hallenfu\u00dfball &#8211; Jgd-Turnier\u201c weiterlesen","og_url":"https:\/\/www.fussball-tus-05-daun.de\/web\/2020\/02\/15\/13-technisat-hallenfussball-jgd-turnier\/","og_site_name":"Fu\u00dfball - TuS-05 Daun","article_publisher":"https:\/\/www.facebook.com\/Tus05DaunFussball\/","article_published_time":"2020-02-15T06:49:16+00:00","article_modified_time":"2020-02-15T06:52:02+00:00","og_image":[{"url":"https:\/\/www.fussball-tus-05-daun.de\/web\/wp-content\/uploads\/2020\/02\/P1040452-1024x768.jpg","type":"","width":"","height":""}],"author":"Sven Edinger","twitter_card":"summary_large_image","twitter_misc":{"Verfasst von":"Sven Edinger","Gesch\u00e4tzte Lesezeit":"1\u00a0Minute"},"schema":{"@context":"https:\/\/schema.org","@graph":[{"@type":"Article","@id":"https:\/\/www.fussball-tus-05-daun.de\/web\/2020\/02\/15\/13-technisat-hallenfussball-jgd-turnier\/#article","isPartOf":{"@id":"https:\/\/www.fussball-tus-05-daun.de\/web\/2020\/02\/15\/13-technisat-hallenfussball-jgd-turnier\/"},"author":{"name":"Sven Edinger","@id":"https:\/\/www.fussball-tus-05-daun.de\/web\/#\/schema\/person\/903c0f6d9575ff029d9cb79ca40d3dfa"},"headline":"13. TechniSat \u2013 Hallenfu\u00dfball &#8211; Jgd-Turnier","datePublished":"2020-02-15T06:49:16+00:00","dateModified":"2020-02-15T06:52:02+00:00","mainEntityOfPage":{"@id":"https:\/\/www.fussball-tus-05-daun.de\/web\/2020\/02\/15\/13-technisat-hallenfussball-jgd-turnier\/"},"wordCount":162,"publisher":{"@id":"https:\/\/www.fussball-tus-05-daun.de\/web\/#organization"},"image":{"@id":"https:\/\/www.fussball-tus-05-daun.de\/web\/2020\/02\/15\/13-technisat-hallenfussball-jgd-turnier\/#primaryimage"},"thumbnailUrl":"https:\/\/www.fussball-tus-05-daun.de\/web\/wp-content\/uploads\/2020\/02\/P1040452-1024x768.jpg","articleSection":{"0":"A-Jugend","2":"B1-Jugend","3":"B2-Jugend","4":"C-Jugend","5":"D1-Jugend","6":"D2-Jugend","7":"D3-Jugend","8":"D3-Jugend","9":"E1-Jugend","10":"F1-Jugend","11":"F2-Jugend"},"inLanguage":"de"},{"@type":"WebPage","@id":"https:\/\/www.fussball-tus-05-daun.de\/web\/2020\/02\/15\/13-technisat-hallenfussball-jgd-turnier\/","url":"https:\/\/www.fussball-tus-05-daun.de\/web\/2020\/02\/15\/13-technisat-hallenfussball-jgd-turnier\/","name":"13. TechniSat \u2013 Hallenfu\u00dfball - Jgd-Turnier - Fu\u00dfball - TuS-05 Daun","isPartOf":{"@id":"https:\/\/www.fussball-tus-05-daun.de\/web\/#website"},"primaryImageOfPage":{"@id":"https:\/\/www.fussball-tus-05-daun.de\/web\/2020\/02\/15\/13-technisat-hallenfussball-jgd-turnier\/#primaryimage"},"image":{"@id":"https:\/\/www.fussball-tus-05-daun.de\/web\/2020\/02\/15\/13-technisat-hallenfussball-jgd-turnier\/#primaryimage"},"thumbnailUrl":"https:\/\/www.fussball-tus-05-daun.de\/web\/wp-content\/uploads\/2020\/02\/P1040452-1024x768.jpg","datePublished":"2020-02-15T06:49:16+00:00","dateModified":"2020-02-15T06:52:02+00:00","breadcrumb":{"@id":"https:\/\/www.fussball-tus-05-daun.de\/web\/2020\/02\/15\/13-technisat-hallenfussball-jgd-turnier\/#breadcrumb"},"inLanguage":"de","potentialAction":[{"@type":"ReadAction","target":["https:\/\/www.fussball-tus-05-daun.de\/web\/2020\/02\/15\/13-technisat-hallenfussball-jgd-turnier\/"]}]},{"@type":"ImageObject","inLanguage":"de","@id":"https:\/\/www.fussball-tus-05-daun.de\/web\/2020\/02\/15\/13-technisat-hallenfussball-jgd-turnier\/#primaryimage","url":"https:\/\/www.fussball-tus-05-daun.de\/web\/wp-content\/uploads\/2020\/02\/P1040452.jpg","contentUrl":"https:\/\/www.fussball-tus-05-daun.de\/web\/wp-content\/uploads\/2020\/02\/P1040452.jpg","width":2560,"height":1920},{"@type":"BreadcrumbList","@id":"https:\/\/www.fussball-tus-05-daun.de\/web\/2020\/02\/15\/13-technisat-hallenfussball-jgd-turnier\/#breadcrumb","itemListElement":[{"@type":"ListItem","position":1,"name":"Startseite","item":"https:\/\/www.fussball-tus-05-daun.de\/web\/"},{"@type":"ListItem","position":2,"name":"13. TechniSat \u2013 Hallenfu\u00dfball &#8211; Jgd-Turnier"}]},{"@type":"WebSite","@id":"https:\/\/www.fussball-tus-05-daun.de\/web\/#website","url":"https:\/\/www.fussball-tus-05-daun.de\/web\/","name":"Fu\u00dfball - TuS-05 Daun","description":"","publisher":{"@id":"https:\/\/www.fussball-tus-05-daun.de\/web\/#organization"},"potentialAction":[{"@type":"SearchAction","target":{"@type":"EntryPoint","urlTemplate":"https:\/\/www.fussball-tus-05-daun.de\/web\/?s={search_term_string}"},"query-input":{"@type":"PropertyValueSpecification","valueRequired":true,"valueName":"search_term_string"}}],"inLanguage":"de"},{"@type":"Organization","@id":"https:\/\/www.fussball-tus-05-daun.de\/web\/#organization","name":"Fu\u00dfball - TuS Daun 05","url":"https:\/\/www.fussball-tus-05-daun.de\/web\/","logo":{"@type":"ImageObject","inLanguage":"de","@id":"https:\/\/www.fussball-tus-05-daun.de\/web\/#\/schema\/logo\/image\/","url":"https:\/\/www.fussball-tus-05-daun.de\/web\/wp-content\/uploads\/2019\/01\/TuSDaun05.jpg","contentUrl":"https:\/\/www.fussball-tus-05-daun.de\/web\/wp-content\/uploads\/2019\/01\/TuSDaun05.jpg","width":1533,"height":505,"caption":"Fu\u00dfball - TuS Daun 05"},"image":{"@id":"https:\/\/www.fussball-tus-05-daun.de\/web\/#\/schema\/logo\/image\/"},"sameAs":["https:\/\/www.facebook.com\/Tus05DaunFussball\/"]},{"@type":"Person","@id":"https:\/\/www.fussball-tus-05-daun.de\/web\/#\/schema\/person\/903c0f6d9575ff029d9cb79ca40d3dfa","name":"Sven Edinger","image":{"@type":"ImageObject","inLanguage":"de","@id":"https:\/\/secure.gravatar.com\/avatar\/f2cf85e0fb1c54df8a26d01509cd8fc6c658cd04f26c533cf91f1194ee13f7fa?s=96&d=mm&r=g","url":"https:\/\/secure.gravatar.com\/avatar\/f2cf85e0fb1c54df8a26d01509cd8fc6c658cd04f26c533cf91f1194ee13f7fa?s=96&d=mm&r=g","contentUrl":"https:\/\/secure.gravatar.com\/avatar\/f2cf85e0fb1c54df8a26d01509cd8fc6c658cd04f26c533cf91f1194ee13f7fa?s=96&d=mm&r=g","caption":"Sven Edinger"}}]}},"_links":{"self":[{"href":"https:\/\/www.fussball-tus-05-daun.de\/web\/wp-json\/wp\/v2\/posts\/861","targetHints":{"allow":["GET"]}}],"collection":[{"href":"https:\/\/www.fussball-tus-05-daun.de\/web\/wp-json\/wp\/v2\/posts"}],"about":[{"href":"https:\/\/www.fussball-tus-05-daun.de\/web\/wp-json\/wp\/v2\/types\/post"}],"author":[{"embeddable":true,"href":"https:\/\/www.fussball-tus-05-daun.de\/web\/wp-json\/wp\/v2\/users\/2"}],"replies":[{"embeddable":true,"href":"https:\/\/www.fussball-tus-05-daun.de\/web\/wp-json\/wp\/v2\/comments?post=861"}],"version-history":[{"count":3,"href":"https:\/\/www.fussball-tus-05-daun.de\/web\/wp-json\/wp\/v2\/posts\/861\/revisions"}],"predecessor-version":[{"id":870,"href":"https:\/\/www.fussball-tus-05-daun.de\/web\/wp-json\/wp\/v2\/posts\/861\/revisions\/870"}],"wp:attachment":[{"href":"https:\/\/www.fussball-tus-05-daun.de\/web\/wp-json\/wp\/v2\/media?parent=861"}],"wp:term":[{"taxonomy":"category","embeddable":true,"href":"https:\/\/www.fussball-tus-05-daun.de\/web\/wp-json\/wp\/v2\/categories?post=861"},{"taxonomy":"post_tag","embeddable":true,"href":"https:\/\/www.fussball-tus-05-daun.de\/web\/wp-json\/wp\/v2\/tags?post=861"}],"curies":[{"name":"wp","href":"https:\/\/api.w.org\/{rel}","templated":true}]}}