{"id":443,"date":"2019-01-06T21:15:11","date_gmt":"2019-01-06T20:15:11","guid":{"rendered":"http:\/\/www.fussball-tus-05-daun.de\/web\/?p=443"},"modified":"2019-06-23T13:18:35","modified_gmt":"2019-06-23T11:18:35","slug":"f-junioren-siegen-beim-wegitherm-cup-2019-in-ulmen","status":"publish","type":"post","link":"https:\/\/www.fussball-tus-05-daun.de\/web\/2019\/01\/06\/f-junioren-siegen-beim-wegitherm-cup-2019-in-ulmen\/","title":{"rendered":"F-Junioren siegen beim WEGITHERM CUP 2019 in Ulmen"},"content":{"rendered":"\n<figure class=\"wp-block-image\"><a href=\"http:\/\/www.fussball-tus-05-daun.de\/web\/wp-content\/uploads\/2019\/03\/F-Junioren-Wegitherm-Cup-2019.jpg\"><img loading=\"lazy\" decoding=\"async\" width=\"1024\" height=\"768\" src=\"http:\/\/www.fussball-tus-05-daun.de\/web\/wp-content\/uploads\/2019\/03\/F-Junioren-Wegitherm-Cup-2019-1024x768.jpg\" alt=\"\" class=\"wp-image-444\" srcset=\"https:\/\/www.fussball-tus-05-daun.de\/web\/wp-content\/uploads\/2019\/03\/F-Junioren-Wegitherm-Cup-2019-1024x768.jpg 1024w, https:\/\/www.fussball-tus-05-daun.de\/web\/wp-content\/uploads\/2019\/03\/F-Junioren-Wegitherm-Cup-2019-300x225.jpg 300w, https:\/\/www.fussball-tus-05-daun.de\/web\/wp-content\/uploads\/2019\/03\/F-Junioren-Wegitherm-Cup-2019-768x576.jpg 768w, https:\/\/www.fussball-tus-05-daun.de\/web\/wp-content\/uploads\/2019\/03\/F-Junioren-Wegitherm-Cup-2019-1200x900.jpg 1200w\" sizes=\"auto, (max-width: 709px) 85vw, (max-width: 909px) 67vw, (max-width: 1362px) 62vw, 840px\" \/><\/a><figcaption><br><\/figcaption><\/figure>\n\n\n\n<p>Am Sonntag, den 06.01.2019 nahmen die F \u2013 Junioren des TUS 05 Daun beim WEGITHERM Cup 2019 in Ulmen teil.<\/p>\n\n\n\n<!--more-->\n\n\n\n<p>Mussten sich die Dauner F- Junioren in ihrem 1. spannenden Spiel gegen die Mannschaft der JSG Eifelh\u00f6he Kelberg letztlich 0:3 geschlagen geben, fanden sie in ihrem 2. Spiel gegen die JSG Vulkaneifel \u2013 Steiningen 2 nun besser ins Spiel.<\/p>\n\n\n\n<p>Das nun bessere Passspiel der Dauner f\u00fchrte dazu, dass sie durch zwei Tore von Philip H\u00fcbert sowie einem Treffer von Simon Sch\u00e4fer schnell 3:0 in F\u00fchrung gingen. Den Gegentreffer der Steininger Mannschaft konnten sie schnell erwidern und gewannen das Spiel letztlich verdient mit 4:1.<\/p>\n\n\n\n<p>Auch im wiederum kampfbetonten 3. Spiel der Dauner F \u2013 Junioren gegen die F \u2013 Junioren der JSG Brohl zeigten die Dauner ihre mannschaftliche Geschlossenheit und siegten knapp 1:0.<\/p>\n\n\n\n<p>Angefeuert durch die vielen Ulmener Zuschauer wurde es im 4. und letzten Spiel der Dauner Mannschaft gegen die gastgebende Mannschaft des SV Ulmen noch einmal richtig laut in der Ulmener Turnhalle.&nbsp;<\/p>\n\n\n\n<p>Doch auch in diesem Spiel zeigten die Dauner noch einmal ihre gute Tagesform und gingen schnell durch Tore von Friedrich Hoffmann und Philip H\u00fcbert 2:0 in F\u00fchrung. Da die guten Abwehrspieler der Dauner Mannschaft Moritz Will, Jacob Schmitz und Nico Kaiser im Anschluss nun jeden ihrer Zweik\u00e4mpfe gewannen, konnten sie bis zur letzten Minute diese F\u00fchrung behaupten. In der letzten Spielminute gelang Henri Katzer dann mit einem sehenswerten Freisto\u00df der 3:0 Siegtreffer der Dauner.<\/p>\n\n\n\n<p><strong>Dank der freundlichen Unterst\u00fctzung der Firma WEGITHERM vertreten durch Herrn Rene Diederichs erhielten im Zuge der anschlie\u00dfenden Siegerehrung&nbsp;<\/strong><strong>alle<\/strong><strong>teilnehmenden 50 Spieler einen Pokal f\u00fcr ihre Teilnahme und guten Turnierleistungen.&nbsp;<\/strong><\/p>\n\n\n\n<p><strong>Die Dauner F-Junioren Mannschaft beim WEGITHERM CUP:<\/strong><\/p>\n\n\n\n<p><strong>Moritz Will, Jannis Lenerz, Nico Kaiser, Julius Mayer, Henri Katzer, Simon Sch\u00e4fer, Philip H\u00fcbert, Jacob Schmitz, Arne H\u00fclsmann und Friedrich Hoffmann.<\/strong><\/p>\n","protected":false},"excerpt":{"rendered":"<p>Am Sonntag, den 06.01.2019 nahmen die F \u2013 Junioren des TUS 05 Daun beim WEGITHERM Cup 2019 in Ulmen teil.<\/p>\n","protected":false},"author":2,"featured_media":0,"comment_status":"closed","ping_status":"closed","sticky":false,"template":"","format":"standard","meta":{"footnotes":""},"categories":[1,11],"tags":[],"class_list":["post-443","post","type-post","status-publish","format-standard","hentry","category-allgemein","category-f1-jugend"],"yoast_head":"<!-- This site is optimized with the Yoast SEO plugin v27.5 - https:\/\/yoast.com\/product\/yoast-seo-wordpress\/ -->\n<title>F-Junioren siegen beim WEGITHERM CUP 2019 in Ulmen - Fu\u00dfball - TuS-05 Daun<\/title>\n<meta name=\"robots\" content=\"index, follow, max-snippet:-1, max-image-preview:large, max-video-preview:-1\" \/>\n<link rel=\"canonical\" href=\"https:\/\/www.fussball-tus-05-daun.de\/web\/2019\/01\/06\/f-junioren-siegen-beim-wegitherm-cup-2019-in-ulmen\/\" \/>\n<meta property=\"og:locale\" content=\"de_DE\" \/>\n<meta property=\"og:type\" content=\"article\" \/>\n<meta property=\"og:title\" content=\"F-Junioren siegen beim WEGITHERM CUP 2019 in Ulmen - Fu\u00dfball - TuS-05 Daun\" \/>\n<meta property=\"og:description\" content=\"Am Sonntag, den 06.01.2019 nahmen die F \u2013 Junioren des TUS 05 Daun beim WEGITHERM Cup 2019 in Ulmen teil.\" \/>\n<meta property=\"og:url\" content=\"https:\/\/www.fussball-tus-05-daun.de\/web\/2019\/01\/06\/f-junioren-siegen-beim-wegitherm-cup-2019-in-ulmen\/\" \/>\n<meta property=\"og:site_name\" content=\"Fu\u00dfball - TuS-05 Daun\" \/>\n<meta property=\"article:publisher\" content=\"https:\/\/www.facebook.com\/Tus05DaunFussball\/\" \/>\n<meta property=\"article:published_time\" content=\"2019-01-06T20:15:11+00:00\" \/>\n<meta property=\"article:modified_time\" content=\"2019-06-23T11:18:35+00:00\" \/>\n<meta property=\"og:image\" content=\"http:\/\/www.fussball-tus-05-daun.de\/web\/wp-content\/uploads\/2019\/03\/F-Junioren-Wegitherm-Cup-2019-1024x768.jpg\" \/>\n<meta name=\"author\" content=\"Sven Edinger\" \/>\n<meta name=\"twitter:card\" content=\"summary_large_image\" \/>\n<meta name=\"twitter:label1\" content=\"Verfasst von\" \/>\n\t<meta name=\"twitter:data1\" content=\"Sven Edinger\" \/>\n\t<meta name=\"twitter:label2\" content=\"Gesch\u00e4tzte Lesezeit\" \/>\n\t<meta name=\"twitter:data2\" content=\"1\u00a0Minute\" \/>\n<script type=\"application\/ld+json\" class=\"yoast-schema-graph\">{\"@context\":\"https:\\\/\\\/schema.org\",\"@graph\":[{\"@type\":\"Article\",\"@id\":\"https:\\\/\\\/www.fussball-tus-05-daun.de\\\/web\\\/2019\\\/01\\\/06\\\/f-junioren-siegen-beim-wegitherm-cup-2019-in-ulmen\\\/#article\",\"isPartOf\":{\"@id\":\"https:\\\/\\\/www.fussball-tus-05-daun.de\\\/web\\\/2019\\\/01\\\/06\\\/f-junioren-siegen-beim-wegitherm-cup-2019-in-ulmen\\\/\"},\"author\":{\"name\":\"Sven Edinger\",\"@id\":\"https:\\\/\\\/www.fussball-tus-05-daun.de\\\/web\\\/#\\\/schema\\\/person\\\/903c0f6d9575ff029d9cb79ca40d3dfa\"},\"headline\":\"F-Junioren siegen beim WEGITHERM CUP 2019 in Ulmen\",\"datePublished\":\"2019-01-06T20:15:11+00:00\",\"dateModified\":\"2019-06-23T11:18:35+00:00\",\"mainEntityOfPage\":{\"@id\":\"https:\\\/\\\/www.fussball-tus-05-daun.de\\\/web\\\/2019\\\/01\\\/06\\\/f-junioren-siegen-beim-wegitherm-cup-2019-in-ulmen\\\/\"},\"wordCount\":301,\"publisher\":{\"@id\":\"https:\\\/\\\/www.fussball-tus-05-daun.de\\\/web\\\/#organization\"},\"image\":{\"@id\":\"https:\\\/\\\/www.fussball-tus-05-daun.de\\\/web\\\/2019\\\/01\\\/06\\\/f-junioren-siegen-beim-wegitherm-cup-2019-in-ulmen\\\/#primaryimage\"},\"thumbnailUrl\":\"http:\\\/\\\/www.fussball-tus-05-daun.de\\\/web\\\/wp-content\\\/uploads\\\/2019\\\/03\\\/F-Junioren-Wegitherm-Cup-2019-1024x768.jpg\",\"articleSection\":{\"1\":\"F1-Jugend\"},\"inLanguage\":\"de\"},{\"@type\":\"WebPage\",\"@id\":\"https:\\\/\\\/www.fussball-tus-05-daun.de\\\/web\\\/2019\\\/01\\\/06\\\/f-junioren-siegen-beim-wegitherm-cup-2019-in-ulmen\\\/\",\"url\":\"https:\\\/\\\/www.fussball-tus-05-daun.de\\\/web\\\/2019\\\/01\\\/06\\\/f-junioren-siegen-beim-wegitherm-cup-2019-in-ulmen\\\/\",\"name\":\"F-Junioren siegen beim WEGITHERM CUP 2019 in Ulmen - Fu\u00dfball - TuS-05 Daun\",\"isPartOf\":{\"@id\":\"https:\\\/\\\/www.fussball-tus-05-daun.de\\\/web\\\/#website\"},\"primaryImageOfPage\":{\"@id\":\"https:\\\/\\\/www.fussball-tus-05-daun.de\\\/web\\\/2019\\\/01\\\/06\\\/f-junioren-siegen-beim-wegitherm-cup-2019-in-ulmen\\\/#primaryimage\"},\"image\":{\"@id\":\"https:\\\/\\\/www.fussball-tus-05-daun.de\\\/web\\\/2019\\\/01\\\/06\\\/f-junioren-siegen-beim-wegitherm-cup-2019-in-ulmen\\\/#primaryimage\"},\"thumbnailUrl\":\"http:\\\/\\\/www.fussball-tus-05-daun.de\\\/web\\\/wp-content\\\/uploads\\\/2019\\\/03\\\/F-Junioren-Wegitherm-Cup-2019-1024x768.jpg\",\"datePublished\":\"2019-01-06T20:15:11+00:00\",\"dateModified\":\"2019-06-23T11:18:35+00:00\",\"breadcrumb\":{\"@id\":\"https:\\\/\\\/www.fussball-tus-05-daun.de\\\/web\\\/2019\\\/01\\\/06\\\/f-junioren-siegen-beim-wegitherm-cup-2019-in-ulmen\\\/#breadcrumb\"},\"inLanguage\":\"de\",\"potentialAction\":[{\"@type\":\"ReadAction\",\"target\":[\"https:\\\/\\\/www.fussball-tus-05-daun.de\\\/web\\\/2019\\\/01\\\/06\\\/f-junioren-siegen-beim-wegitherm-cup-2019-in-ulmen\\\/\"]}]},{\"@type\":\"ImageObject\",\"inLanguage\":\"de\",\"@id\":\"https:\\\/\\\/www.fussball-tus-05-daun.de\\\/web\\\/2019\\\/01\\\/06\\\/f-junioren-siegen-beim-wegitherm-cup-2019-in-ulmen\\\/#primaryimage\",\"url\":\"https:\\\/\\\/www.fussball-tus-05-daun.de\\\/web\\\/wp-content\\\/uploads\\\/2019\\\/03\\\/F-Junioren-Wegitherm-Cup-2019.jpg\",\"contentUrl\":\"https:\\\/\\\/www.fussball-tus-05-daun.de\\\/web\\\/wp-content\\\/uploads\\\/2019\\\/03\\\/F-Junioren-Wegitherm-Cup-2019.jpg\",\"width\":3968,\"height\":2976,\"caption\":\"dav\"},{\"@type\":\"BreadcrumbList\",\"@id\":\"https:\\\/\\\/www.fussball-tus-05-daun.de\\\/web\\\/2019\\\/01\\\/06\\\/f-junioren-siegen-beim-wegitherm-cup-2019-in-ulmen\\\/#breadcrumb\",\"itemListElement\":[{\"@type\":\"ListItem\",\"position\":1,\"name\":\"Startseite\",\"item\":\"https:\\\/\\\/www.fussball-tus-05-daun.de\\\/web\\\/\"},{\"@type\":\"ListItem\",\"position\":2,\"name\":\"F-Junioren siegen beim WEGITHERM CUP 2019 in Ulmen\"}]},{\"@type\":\"WebSite\",\"@id\":\"https:\\\/\\\/www.fussball-tus-05-daun.de\\\/web\\\/#website\",\"url\":\"https:\\\/\\\/www.fussball-tus-05-daun.de\\\/web\\\/\",\"name\":\"Fu\u00dfball - TuS-05 Daun\",\"description\":\"\",\"publisher\":{\"@id\":\"https:\\\/\\\/www.fussball-tus-05-daun.de\\\/web\\\/#organization\"},\"potentialAction\":[{\"@type\":\"SearchAction\",\"target\":{\"@type\":\"EntryPoint\",\"urlTemplate\":\"https:\\\/\\\/www.fussball-tus-05-daun.de\\\/web\\\/?s={search_term_string}\"},\"query-input\":{\"@type\":\"PropertyValueSpecification\",\"valueRequired\":true,\"valueName\":\"search_term_string\"}}],\"inLanguage\":\"de\"},{\"@type\":\"Organization\",\"@id\":\"https:\\\/\\\/www.fussball-tus-05-daun.de\\\/web\\\/#organization\",\"name\":\"Fu\u00dfball - TuS Daun 05\",\"url\":\"https:\\\/\\\/www.fussball-tus-05-daun.de\\\/web\\\/\",\"logo\":{\"@type\":\"ImageObject\",\"inLanguage\":\"de\",\"@id\":\"https:\\\/\\\/www.fussball-tus-05-daun.de\\\/web\\\/#\\\/schema\\\/logo\\\/image\\\/\",\"url\":\"https:\\\/\\\/www.fussball-tus-05-daun.de\\\/web\\\/wp-content\\\/uploads\\\/2019\\\/01\\\/TuSDaun05.jpg\",\"contentUrl\":\"https:\\\/\\\/www.fussball-tus-05-daun.de\\\/web\\\/wp-content\\\/uploads\\\/2019\\\/01\\\/TuSDaun05.jpg\",\"width\":1533,\"height\":505,\"caption\":\"Fu\u00dfball - TuS Daun 05\"},\"image\":{\"@id\":\"https:\\\/\\\/www.fussball-tus-05-daun.de\\\/web\\\/#\\\/schema\\\/logo\\\/image\\\/\"},\"sameAs\":[\"https:\\\/\\\/www.facebook.com\\\/Tus05DaunFussball\\\/\"]},{\"@type\":\"Person\",\"@id\":\"https:\\\/\\\/www.fussball-tus-05-daun.de\\\/web\\\/#\\\/schema\\\/person\\\/903c0f6d9575ff029d9cb79ca40d3dfa\",\"name\":\"Sven Edinger\",\"image\":{\"@type\":\"ImageObject\",\"inLanguage\":\"de\",\"@id\":\"https:\\\/\\\/secure.gravatar.com\\\/avatar\\\/f2cf85e0fb1c54df8a26d01509cd8fc6c658cd04f26c533cf91f1194ee13f7fa?s=96&d=mm&r=g\",\"url\":\"https:\\\/\\\/secure.gravatar.com\\\/avatar\\\/f2cf85e0fb1c54df8a26d01509cd8fc6c658cd04f26c533cf91f1194ee13f7fa?s=96&d=mm&r=g\",\"contentUrl\":\"https:\\\/\\\/secure.gravatar.com\\\/avatar\\\/f2cf85e0fb1c54df8a26d01509cd8fc6c658cd04f26c533cf91f1194ee13f7fa?s=96&d=mm&r=g\",\"caption\":\"Sven Edinger\"}}]}<\/script>\n<!-- \/ Yoast SEO plugin. -->","yoast_head_json":{"title":"F-Junioren siegen beim WEGITHERM CUP 2019 in Ulmen - Fu\u00dfball - TuS-05 Daun","robots":{"index":"index","follow":"follow","max-snippet":"max-snippet:-1","max-image-preview":"max-image-preview:large","max-video-preview":"max-video-preview:-1"},"canonical":"https:\/\/www.fussball-tus-05-daun.de\/web\/2019\/01\/06\/f-junioren-siegen-beim-wegitherm-cup-2019-in-ulmen\/","og_locale":"de_DE","og_type":"article","og_title":"F-Junioren siegen beim WEGITHERM CUP 2019 in Ulmen - Fu\u00dfball - TuS-05 Daun","og_description":"Am Sonntag, den 06.01.2019 nahmen die F \u2013 Junioren des TUS 05 Daun beim WEGITHERM Cup 2019 in Ulmen teil.","og_url":"https:\/\/www.fussball-tus-05-daun.de\/web\/2019\/01\/06\/f-junioren-siegen-beim-wegitherm-cup-2019-in-ulmen\/","og_site_name":"Fu\u00dfball - TuS-05 Daun","article_publisher":"https:\/\/www.facebook.com\/Tus05DaunFussball\/","article_published_time":"2019-01-06T20:15:11+00:00","article_modified_time":"2019-06-23T11:18:35+00:00","og_image":[{"url":"http:\/\/www.fussball-tus-05-daun.de\/web\/wp-content\/uploads\/2019\/03\/F-Junioren-Wegitherm-Cup-2019-1024x768.jpg","type":"","width":"","height":""}],"author":"Sven Edinger","twitter_card":"summary_large_image","twitter_misc":{"Verfasst von":"Sven Edinger","Gesch\u00e4tzte Lesezeit":"1\u00a0Minute"},"schema":{"@context":"https:\/\/schema.org","@graph":[{"@type":"Article","@id":"https:\/\/www.fussball-tus-05-daun.de\/web\/2019\/01\/06\/f-junioren-siegen-beim-wegitherm-cup-2019-in-ulmen\/#article","isPartOf":{"@id":"https:\/\/www.fussball-tus-05-daun.de\/web\/2019\/01\/06\/f-junioren-siegen-beim-wegitherm-cup-2019-in-ulmen\/"},"author":{"name":"Sven Edinger","@id":"https:\/\/www.fussball-tus-05-daun.de\/web\/#\/schema\/person\/903c0f6d9575ff029d9cb79ca40d3dfa"},"headline":"F-Junioren siegen beim WEGITHERM CUP 2019 in Ulmen","datePublished":"2019-01-06T20:15:11+00:00","dateModified":"2019-06-23T11:18:35+00:00","mainEntityOfPage":{"@id":"https:\/\/www.fussball-tus-05-daun.de\/web\/2019\/01\/06\/f-junioren-siegen-beim-wegitherm-cup-2019-in-ulmen\/"},"wordCount":301,"publisher":{"@id":"https:\/\/www.fussball-tus-05-daun.de\/web\/#organization"},"image":{"@id":"https:\/\/www.fussball-tus-05-daun.de\/web\/2019\/01\/06\/f-junioren-siegen-beim-wegitherm-cup-2019-in-ulmen\/#primaryimage"},"thumbnailUrl":"http:\/\/www.fussball-tus-05-daun.de\/web\/wp-content\/uploads\/2019\/03\/F-Junioren-Wegitherm-Cup-2019-1024x768.jpg","articleSection":{"1":"F1-Jugend"},"inLanguage":"de"},{"@type":"WebPage","@id":"https:\/\/www.fussball-tus-05-daun.de\/web\/2019\/01\/06\/f-junioren-siegen-beim-wegitherm-cup-2019-in-ulmen\/","url":"https:\/\/www.fussball-tus-05-daun.de\/web\/2019\/01\/06\/f-junioren-siegen-beim-wegitherm-cup-2019-in-ulmen\/","name":"F-Junioren siegen beim WEGITHERM CUP 2019 in Ulmen - Fu\u00dfball - TuS-05 Daun","isPartOf":{"@id":"https:\/\/www.fussball-tus-05-daun.de\/web\/#website"},"primaryImageOfPage":{"@id":"https:\/\/www.fussball-tus-05-daun.de\/web\/2019\/01\/06\/f-junioren-siegen-beim-wegitherm-cup-2019-in-ulmen\/#primaryimage"},"image":{"@id":"https:\/\/www.fussball-tus-05-daun.de\/web\/2019\/01\/06\/f-junioren-siegen-beim-wegitherm-cup-2019-in-ulmen\/#primaryimage"},"thumbnailUrl":"http:\/\/www.fussball-tus-05-daun.de\/web\/wp-content\/uploads\/2019\/03\/F-Junioren-Wegitherm-Cup-2019-1024x768.jpg","datePublished":"2019-01-06T20:15:11+00:00","dateModified":"2019-06-23T11:18:35+00:00","breadcrumb":{"@id":"https:\/\/www.fussball-tus-05-daun.de\/web\/2019\/01\/06\/f-junioren-siegen-beim-wegitherm-cup-2019-in-ulmen\/#breadcrumb"},"inLanguage":"de","potentialAction":[{"@type":"ReadAction","target":["https:\/\/www.fussball-tus-05-daun.de\/web\/2019\/01\/06\/f-junioren-siegen-beim-wegitherm-cup-2019-in-ulmen\/"]}]},{"@type":"ImageObject","inLanguage":"de","@id":"https:\/\/www.fussball-tus-05-daun.de\/web\/2019\/01\/06\/f-junioren-siegen-beim-wegitherm-cup-2019-in-ulmen\/#primaryimage","url":"https:\/\/www.fussball-tus-05-daun.de\/web\/wp-content\/uploads\/2019\/03\/F-Junioren-Wegitherm-Cup-2019.jpg","contentUrl":"https:\/\/www.fussball-tus-05-daun.de\/web\/wp-content\/uploads\/2019\/03\/F-Junioren-Wegitherm-Cup-2019.jpg","width":3968,"height":2976,"caption":"dav"},{"@type":"BreadcrumbList","@id":"https:\/\/www.fussball-tus-05-daun.de\/web\/2019\/01\/06\/f-junioren-siegen-beim-wegitherm-cup-2019-in-ulmen\/#breadcrumb","itemListElement":[{"@type":"ListItem","position":1,"name":"Startseite","item":"https:\/\/www.fussball-tus-05-daun.de\/web\/"},{"@type":"ListItem","position":2,"name":"F-Junioren siegen beim WEGITHERM CUP 2019 in Ulmen"}]},{"@type":"WebSite","@id":"https:\/\/www.fussball-tus-05-daun.de\/web\/#website","url":"https:\/\/www.fussball-tus-05-daun.de\/web\/","name":"Fu\u00dfball - TuS-05 Daun","description":"","publisher":{"@id":"https:\/\/www.fussball-tus-05-daun.de\/web\/#organization"},"potentialAction":[{"@type":"SearchAction","target":{"@type":"EntryPoint","urlTemplate":"https:\/\/www.fussball-tus-05-daun.de\/web\/?s={search_term_string}"},"query-input":{"@type":"PropertyValueSpecification","valueRequired":true,"valueName":"search_term_string"}}],"inLanguage":"de"},{"@type":"Organization","@id":"https:\/\/www.fussball-tus-05-daun.de\/web\/#organization","name":"Fu\u00dfball - TuS Daun 05","url":"https:\/\/www.fussball-tus-05-daun.de\/web\/","logo":{"@type":"ImageObject","inLanguage":"de","@id":"https:\/\/www.fussball-tus-05-daun.de\/web\/#\/schema\/logo\/image\/","url":"https:\/\/www.fussball-tus-05-daun.de\/web\/wp-content\/uploads\/2019\/01\/TuSDaun05.jpg","contentUrl":"https:\/\/www.fussball-tus-05-daun.de\/web\/wp-content\/uploads\/2019\/01\/TuSDaun05.jpg","width":1533,"height":505,"caption":"Fu\u00dfball - TuS Daun 05"},"image":{"@id":"https:\/\/www.fussball-tus-05-daun.de\/web\/#\/schema\/logo\/image\/"},"sameAs":["https:\/\/www.facebook.com\/Tus05DaunFussball\/"]},{"@type":"Person","@id":"https:\/\/www.fussball-tus-05-daun.de\/web\/#\/schema\/person\/903c0f6d9575ff029d9cb79ca40d3dfa","name":"Sven Edinger","image":{"@type":"ImageObject","inLanguage":"de","@id":"https:\/\/secure.gravatar.com\/avatar\/f2cf85e0fb1c54df8a26d01509cd8fc6c658cd04f26c533cf91f1194ee13f7fa?s=96&d=mm&r=g","url":"https:\/\/secure.gravatar.com\/avatar\/f2cf85e0fb1c54df8a26d01509cd8fc6c658cd04f26c533cf91f1194ee13f7fa?s=96&d=mm&r=g","contentUrl":"https:\/\/secure.gravatar.com\/avatar\/f2cf85e0fb1c54df8a26d01509cd8fc6c658cd04f26c533cf91f1194ee13f7fa?s=96&d=mm&r=g","caption":"Sven Edinger"}}]}},"_links":{"self":[{"href":"https:\/\/www.fussball-tus-05-daun.de\/web\/wp-json\/wp\/v2\/posts\/443","targetHints":{"allow":["GET"]}}],"collection":[{"href":"https:\/\/www.fussball-tus-05-daun.de\/web\/wp-json\/wp\/v2\/posts"}],"about":[{"href":"https:\/\/www.fussball-tus-05-daun.de\/web\/wp-json\/wp\/v2\/types\/post"}],"author":[{"embeddable":true,"href":"https:\/\/www.fussball-tus-05-daun.de\/web\/wp-json\/wp\/v2\/users\/2"}],"replies":[{"embeddable":true,"href":"https:\/\/www.fussball-tus-05-daun.de\/web\/wp-json\/wp\/v2\/comments?post=443"}],"version-history":[{"count":13,"href":"https:\/\/www.fussball-tus-05-daun.de\/web\/wp-json\/wp\/v2\/posts\/443\/revisions"}],"predecessor-version":[{"id":499,"href":"https:\/\/www.fussball-tus-05-daun.de\/web\/wp-json\/wp\/v2\/posts\/443\/revisions\/499"}],"wp:attachment":[{"href":"https:\/\/www.fussball-tus-05-daun.de\/web\/wp-json\/wp\/v2\/media?parent=443"}],"wp:term":[{"taxonomy":"category","embeddable":true,"href":"https:\/\/www.fussball-tus-05-daun.de\/web\/wp-json\/wp\/v2\/categories?post=443"},{"taxonomy":"post_tag","embeddable":true,"href":"https:\/\/www.fussball-tus-05-daun.de\/web\/wp-json\/wp\/v2\/tags?post=443"}],"curies":[{"name":"wp","href":"https:\/\/api.w.org\/{rel}","templated":true}]}}