{"id":1070,"date":"2021-11-05T21:32:55","date_gmt":"2021-11-05T20:32:55","guid":{"rendered":"https:\/\/www.fussball-tus-05-daun.de\/web\/?p=1070"},"modified":"2021-11-08T17:40:45","modified_gmt":"2021-11-08T16:40:45","slug":"kickmit-startet-wieder-durch","status":"publish","type":"post","link":"https:\/\/www.fussball-tus-05-daun.de\/web\/2021\/11\/05\/kickmit-startet-wieder-durch\/","title":{"rendered":"KickMit startet wieder durch!"},"content":{"rendered":"\n<p>Vom 13. \u2013 15. Oktober 2021 veranstaltete das Team der Fu\u00dfballschule KICK MIT in der Techni-Sat-Arena des TuS 05 Daun die Fu\u00dfballschule KICK-MIT.<\/p>\n\n\n\n<p>An allen drei Veranstaltungstagen wurden die angemeldeten 60 Kinder und Jugendliche aus der Region, aufgeteilt in 5 Kleingruppen, jeweils vormittags und nachmittags von ihren Trainerinnen und Trainern Nicole und Harald Neumann, Rene Jary, Markus Bauer, Bennet St\u00f6lben und Johannes Mayer altersgerecht trainiert.<\/p>\n\n\n\n<p>Neben den \u00dcbungs \u2013 und Spielformen in jedem Training, wurden am letzten Tag der Fu\u00dfballschule auch spannende Wettk\u00e4mpfe durchgef\u00fchrt, die die Teilnehmerinnen und Teilnehmer mit viel Spa\u00df umsetzten.<\/p>\n\n\n\n<p>Einen besonderen Dank richtet das Team der Fu\u00dfballschule KICK-MIT an die Sponsoren Firma Minninger aus Daun sowie die Kreissparkasse Vulkaneifel, sowie der Cateringfirma Areas aus Gunderath.<\/p>\n","protected":false},"excerpt":{"rendered":"<p>Vom 13. \u2013 15. Oktober 2021 veranstaltete das Team der Fu\u00dfballschule KICK MIT in der Techni-Sat-Arena des TuS 05 Daun die Fu\u00dfballschule KICK-MIT. An allen drei Veranstaltungstagen wurden die angemeldeten 60 Kinder und Jugendliche aus der Region, aufgeteilt in 5 Kleingruppen, jeweils vormittags und nachmittags von ihren Trainerinnen und Trainern Nicole und Harald Neumann, Rene &hellip; <a href=\"https:\/\/www.fussball-tus-05-daun.de\/web\/2021\/11\/05\/kickmit-startet-wieder-durch\/\" class=\"more-link\"><span class=\"screen-reader-text\">\u201eKickMit startet wieder durch!\u201c <\/span>weiterlesen<\/a><\/p>\n","protected":false},"author":2,"featured_media":1073,"comment_status":"closed","ping_status":"closed","sticky":false,"template":"","format":"standard","meta":{"footnotes":""},"categories":[1],"tags":[],"class_list":["post-1070","post","type-post","status-publish","format-standard","has-post-thumbnail","hentry","category-allgemein"],"yoast_head":"<!-- This site is optimized with the Yoast SEO plugin v27.4 - https:\/\/yoast.com\/product\/yoast-seo-wordpress\/ -->\n<title>KickMit startet wieder durch! - Fu\u00dfball - TuS-05 Daun<\/title>\n<meta name=\"robots\" content=\"index, follow, max-snippet:-1, max-image-preview:large, max-video-preview:-1\" \/>\n<link rel=\"canonical\" href=\"https:\/\/www.fussball-tus-05-daun.de\/web\/2021\/11\/05\/kickmit-startet-wieder-durch\/\" \/>\n<meta property=\"og:locale\" content=\"de_DE\" \/>\n<meta property=\"og:type\" content=\"article\" \/>\n<meta property=\"og:title\" content=\"KickMit startet wieder durch! - Fu\u00dfball - TuS-05 Daun\" \/>\n<meta property=\"og:description\" content=\"Vom 13. \u2013 15. Oktober 2021 veranstaltete das Team der Fu\u00dfballschule KICK MIT in der Techni-Sat-Arena des TuS 05 Daun die Fu\u00dfballschule KICK-MIT. An allen drei Veranstaltungstagen wurden die angemeldeten 60 Kinder und Jugendliche aus der Region, aufgeteilt in 5 Kleingruppen, jeweils vormittags und nachmittags von ihren Trainerinnen und Trainern Nicole und Harald Neumann, Rene &hellip; \u201eKickMit startet wieder durch!\u201c weiterlesen\" \/>\n<meta property=\"og:url\" content=\"https:\/\/www.fussball-tus-05-daun.de\/web\/2021\/11\/05\/kickmit-startet-wieder-durch\/\" \/>\n<meta property=\"og:site_name\" content=\"Fu\u00dfball - TuS-05 Daun\" \/>\n<meta property=\"article:publisher\" content=\"https:\/\/www.facebook.com\/Tus05DaunFussball\/\" \/>\n<meta property=\"article:published_time\" content=\"2021-11-05T20:32:55+00:00\" \/>\n<meta property=\"article:modified_time\" content=\"2021-11-08T16:40:45+00:00\" \/>\n<meta property=\"og:image\" content=\"https:\/\/www.fussball-tus-05-daun.de\/web\/wp-content\/uploads\/2021\/11\/DJI_0260-scaled.jpg\" \/>\n\t<meta property=\"og:image:width\" content=\"2560\" \/>\n\t<meta property=\"og:image:height\" content=\"912\" \/>\n\t<meta property=\"og:image:type\" content=\"image\/jpeg\" \/>\n<meta name=\"author\" content=\"Sven Edinger\" \/>\n<meta name=\"twitter:card\" content=\"summary_large_image\" \/>\n<meta name=\"twitter:label1\" content=\"Verfasst von\" \/>\n\t<meta name=\"twitter:data1\" content=\"Sven Edinger\" \/>\n\t<meta name=\"twitter:label2\" content=\"Gesch\u00e4tzte Lesezeit\" \/>\n\t<meta name=\"twitter:data2\" content=\"1\u00a0Minute\" \/>\n<script type=\"application\/ld+json\" class=\"yoast-schema-graph\">{\"@context\":\"https:\\\/\\\/schema.org\",\"@graph\":[{\"@type\":\"Article\",\"@id\":\"https:\\\/\\\/www.fussball-tus-05-daun.de\\\/web\\\/2021\\\/11\\\/05\\\/kickmit-startet-wieder-durch\\\/#article\",\"isPartOf\":{\"@id\":\"https:\\\/\\\/www.fussball-tus-05-daun.de\\\/web\\\/2021\\\/11\\\/05\\\/kickmit-startet-wieder-durch\\\/\"},\"author\":{\"name\":\"Sven Edinger\",\"@id\":\"https:\\\/\\\/www.fussball-tus-05-daun.de\\\/web\\\/#\\\/schema\\\/person\\\/903c0f6d9575ff029d9cb79ca40d3dfa\"},\"headline\":\"KickMit startet wieder durch!\",\"datePublished\":\"2021-11-05T20:32:55+00:00\",\"dateModified\":\"2021-11-08T16:40:45+00:00\",\"mainEntityOfPage\":{\"@id\":\"https:\\\/\\\/www.fussball-tus-05-daun.de\\\/web\\\/2021\\\/11\\\/05\\\/kickmit-startet-wieder-durch\\\/\"},\"wordCount\":122,\"publisher\":{\"@id\":\"https:\\\/\\\/www.fussball-tus-05-daun.de\\\/web\\\/#organization\"},\"image\":{\"@id\":\"https:\\\/\\\/www.fussball-tus-05-daun.de\\\/web\\\/2021\\\/11\\\/05\\\/kickmit-startet-wieder-durch\\\/#primaryimage\"},\"thumbnailUrl\":\"https:\\\/\\\/www.fussball-tus-05-daun.de\\\/web\\\/wp-content\\\/uploads\\\/2021\\\/11\\\/DJI_0260-scaled.jpg\",\"inLanguage\":\"de\"},{\"@type\":\"WebPage\",\"@id\":\"https:\\\/\\\/www.fussball-tus-05-daun.de\\\/web\\\/2021\\\/11\\\/05\\\/kickmit-startet-wieder-durch\\\/\",\"url\":\"https:\\\/\\\/www.fussball-tus-05-daun.de\\\/web\\\/2021\\\/11\\\/05\\\/kickmit-startet-wieder-durch\\\/\",\"name\":\"KickMit startet wieder durch! - Fu\u00dfball - TuS-05 Daun\",\"isPartOf\":{\"@id\":\"https:\\\/\\\/www.fussball-tus-05-daun.de\\\/web\\\/#website\"},\"primaryImageOfPage\":{\"@id\":\"https:\\\/\\\/www.fussball-tus-05-daun.de\\\/web\\\/2021\\\/11\\\/05\\\/kickmit-startet-wieder-durch\\\/#primaryimage\"},\"image\":{\"@id\":\"https:\\\/\\\/www.fussball-tus-05-daun.de\\\/web\\\/2021\\\/11\\\/05\\\/kickmit-startet-wieder-durch\\\/#primaryimage\"},\"thumbnailUrl\":\"https:\\\/\\\/www.fussball-tus-05-daun.de\\\/web\\\/wp-content\\\/uploads\\\/2021\\\/11\\\/DJI_0260-scaled.jpg\",\"datePublished\":\"2021-11-05T20:32:55+00:00\",\"dateModified\":\"2021-11-08T16:40:45+00:00\",\"breadcrumb\":{\"@id\":\"https:\\\/\\\/www.fussball-tus-05-daun.de\\\/web\\\/2021\\\/11\\\/05\\\/kickmit-startet-wieder-durch\\\/#breadcrumb\"},\"inLanguage\":\"de\",\"potentialAction\":[{\"@type\":\"ReadAction\",\"target\":[\"https:\\\/\\\/www.fussball-tus-05-daun.de\\\/web\\\/2021\\\/11\\\/05\\\/kickmit-startet-wieder-durch\\\/\"]}]},{\"@type\":\"ImageObject\",\"inLanguage\":\"de\",\"@id\":\"https:\\\/\\\/www.fussball-tus-05-daun.de\\\/web\\\/2021\\\/11\\\/05\\\/kickmit-startet-wieder-durch\\\/#primaryimage\",\"url\":\"https:\\\/\\\/www.fussball-tus-05-daun.de\\\/web\\\/wp-content\\\/uploads\\\/2021\\\/11\\\/DJI_0260-scaled.jpg\",\"contentUrl\":\"https:\\\/\\\/www.fussball-tus-05-daun.de\\\/web\\\/wp-content\\\/uploads\\\/2021\\\/11\\\/DJI_0260-scaled.jpg\",\"width\":2560,\"height\":912,\"caption\":\"DCIM100MEDIADJI_0260.JPG\"},{\"@type\":\"BreadcrumbList\",\"@id\":\"https:\\\/\\\/www.fussball-tus-05-daun.de\\\/web\\\/2021\\\/11\\\/05\\\/kickmit-startet-wieder-durch\\\/#breadcrumb\",\"itemListElement\":[{\"@type\":\"ListItem\",\"position\":1,\"name\":\"Startseite\",\"item\":\"https:\\\/\\\/www.fussball-tus-05-daun.de\\\/web\\\/\"},{\"@type\":\"ListItem\",\"position\":2,\"name\":\"KickMit startet wieder durch!\"}]},{\"@type\":\"WebSite\",\"@id\":\"https:\\\/\\\/www.fussball-tus-05-daun.de\\\/web\\\/#website\",\"url\":\"https:\\\/\\\/www.fussball-tus-05-daun.de\\\/web\\\/\",\"name\":\"Fu\u00dfball - TuS-05 Daun\",\"description\":\"\",\"publisher\":{\"@id\":\"https:\\\/\\\/www.fussball-tus-05-daun.de\\\/web\\\/#organization\"},\"potentialAction\":[{\"@type\":\"SearchAction\",\"target\":{\"@type\":\"EntryPoint\",\"urlTemplate\":\"https:\\\/\\\/www.fussball-tus-05-daun.de\\\/web\\\/?s={search_term_string}\"},\"query-input\":{\"@type\":\"PropertyValueSpecification\",\"valueRequired\":true,\"valueName\":\"search_term_string\"}}],\"inLanguage\":\"de\"},{\"@type\":\"Organization\",\"@id\":\"https:\\\/\\\/www.fussball-tus-05-daun.de\\\/web\\\/#organization\",\"name\":\"Fu\u00dfball - TuS Daun 05\",\"url\":\"https:\\\/\\\/www.fussball-tus-05-daun.de\\\/web\\\/\",\"logo\":{\"@type\":\"ImageObject\",\"inLanguage\":\"de\",\"@id\":\"https:\\\/\\\/www.fussball-tus-05-daun.de\\\/web\\\/#\\\/schema\\\/logo\\\/image\\\/\",\"url\":\"https:\\\/\\\/www.fussball-tus-05-daun.de\\\/web\\\/wp-content\\\/uploads\\\/2019\\\/01\\\/TuSDaun05.jpg\",\"contentUrl\":\"https:\\\/\\\/www.fussball-tus-05-daun.de\\\/web\\\/wp-content\\\/uploads\\\/2019\\\/01\\\/TuSDaun05.jpg\",\"width\":1533,\"height\":505,\"caption\":\"Fu\u00dfball - TuS Daun 05\"},\"image\":{\"@id\":\"https:\\\/\\\/www.fussball-tus-05-daun.de\\\/web\\\/#\\\/schema\\\/logo\\\/image\\\/\"},\"sameAs\":[\"https:\\\/\\\/www.facebook.com\\\/Tus05DaunFussball\\\/\"]},{\"@type\":\"Person\",\"@id\":\"https:\\\/\\\/www.fussball-tus-05-daun.de\\\/web\\\/#\\\/schema\\\/person\\\/903c0f6d9575ff029d9cb79ca40d3dfa\",\"name\":\"Sven Edinger\",\"image\":{\"@type\":\"ImageObject\",\"inLanguage\":\"de\",\"@id\":\"https:\\\/\\\/secure.gravatar.com\\\/avatar\\\/f2cf85e0fb1c54df8a26d01509cd8fc6c658cd04f26c533cf91f1194ee13f7fa?s=96&d=mm&r=g\",\"url\":\"https:\\\/\\\/secure.gravatar.com\\\/avatar\\\/f2cf85e0fb1c54df8a26d01509cd8fc6c658cd04f26c533cf91f1194ee13f7fa?s=96&d=mm&r=g\",\"contentUrl\":\"https:\\\/\\\/secure.gravatar.com\\\/avatar\\\/f2cf85e0fb1c54df8a26d01509cd8fc6c658cd04f26c533cf91f1194ee13f7fa?s=96&d=mm&r=g\",\"caption\":\"Sven Edinger\"}}]}<\/script>\n<!-- \/ Yoast SEO plugin. -->","yoast_head_json":{"title":"KickMit startet wieder durch! - Fu\u00dfball - TuS-05 Daun","robots":{"index":"index","follow":"follow","max-snippet":"max-snippet:-1","max-image-preview":"max-image-preview:large","max-video-preview":"max-video-preview:-1"},"canonical":"https:\/\/www.fussball-tus-05-daun.de\/web\/2021\/11\/05\/kickmit-startet-wieder-durch\/","og_locale":"de_DE","og_type":"article","og_title":"KickMit startet wieder durch! - Fu\u00dfball - TuS-05 Daun","og_description":"Vom 13. \u2013 15. Oktober 2021 veranstaltete das Team der Fu\u00dfballschule KICK MIT in der Techni-Sat-Arena des TuS 05 Daun die Fu\u00dfballschule KICK-MIT. An allen drei Veranstaltungstagen wurden die angemeldeten 60 Kinder und Jugendliche aus der Region, aufgeteilt in 5 Kleingruppen, jeweils vormittags und nachmittags von ihren Trainerinnen und Trainern Nicole und Harald Neumann, Rene &hellip; \u201eKickMit startet wieder durch!\u201c weiterlesen","og_url":"https:\/\/www.fussball-tus-05-daun.de\/web\/2021\/11\/05\/kickmit-startet-wieder-durch\/","og_site_name":"Fu\u00dfball - TuS-05 Daun","article_publisher":"https:\/\/www.facebook.com\/Tus05DaunFussball\/","article_published_time":"2021-11-05T20:32:55+00:00","article_modified_time":"2021-11-08T16:40:45+00:00","og_image":[{"width":2560,"height":912,"url":"https:\/\/www.fussball-tus-05-daun.de\/web\/wp-content\/uploads\/2021\/11\/DJI_0260-scaled.jpg","type":"image\/jpeg"}],"author":"Sven Edinger","twitter_card":"summary_large_image","twitter_misc":{"Verfasst von":"Sven Edinger","Gesch\u00e4tzte Lesezeit":"1\u00a0Minute"},"schema":{"@context":"https:\/\/schema.org","@graph":[{"@type":"Article","@id":"https:\/\/www.fussball-tus-05-daun.de\/web\/2021\/11\/05\/kickmit-startet-wieder-durch\/#article","isPartOf":{"@id":"https:\/\/www.fussball-tus-05-daun.de\/web\/2021\/11\/05\/kickmit-startet-wieder-durch\/"},"author":{"name":"Sven Edinger","@id":"https:\/\/www.fussball-tus-05-daun.de\/web\/#\/schema\/person\/903c0f6d9575ff029d9cb79ca40d3dfa"},"headline":"KickMit startet wieder durch!","datePublished":"2021-11-05T20:32:55+00:00","dateModified":"2021-11-08T16:40:45+00:00","mainEntityOfPage":{"@id":"https:\/\/www.fussball-tus-05-daun.de\/web\/2021\/11\/05\/kickmit-startet-wieder-durch\/"},"wordCount":122,"publisher":{"@id":"https:\/\/www.fussball-tus-05-daun.de\/web\/#organization"},"image":{"@id":"https:\/\/www.fussball-tus-05-daun.de\/web\/2021\/11\/05\/kickmit-startet-wieder-durch\/#primaryimage"},"thumbnailUrl":"https:\/\/www.fussball-tus-05-daun.de\/web\/wp-content\/uploads\/2021\/11\/DJI_0260-scaled.jpg","inLanguage":"de"},{"@type":"WebPage","@id":"https:\/\/www.fussball-tus-05-daun.de\/web\/2021\/11\/05\/kickmit-startet-wieder-durch\/","url":"https:\/\/www.fussball-tus-05-daun.de\/web\/2021\/11\/05\/kickmit-startet-wieder-durch\/","name":"KickMit startet wieder durch! - Fu\u00dfball - TuS-05 Daun","isPartOf":{"@id":"https:\/\/www.fussball-tus-05-daun.de\/web\/#website"},"primaryImageOfPage":{"@id":"https:\/\/www.fussball-tus-05-daun.de\/web\/2021\/11\/05\/kickmit-startet-wieder-durch\/#primaryimage"},"image":{"@id":"https:\/\/www.fussball-tus-05-daun.de\/web\/2021\/11\/05\/kickmit-startet-wieder-durch\/#primaryimage"},"thumbnailUrl":"https:\/\/www.fussball-tus-05-daun.de\/web\/wp-content\/uploads\/2021\/11\/DJI_0260-scaled.jpg","datePublished":"2021-11-05T20:32:55+00:00","dateModified":"2021-11-08T16:40:45+00:00","breadcrumb":{"@id":"https:\/\/www.fussball-tus-05-daun.de\/web\/2021\/11\/05\/kickmit-startet-wieder-durch\/#breadcrumb"},"inLanguage":"de","potentialAction":[{"@type":"ReadAction","target":["https:\/\/www.fussball-tus-05-daun.de\/web\/2021\/11\/05\/kickmit-startet-wieder-durch\/"]}]},{"@type":"ImageObject","inLanguage":"de","@id":"https:\/\/www.fussball-tus-05-daun.de\/web\/2021\/11\/05\/kickmit-startet-wieder-durch\/#primaryimage","url":"https:\/\/www.fussball-tus-05-daun.de\/web\/wp-content\/uploads\/2021\/11\/DJI_0260-scaled.jpg","contentUrl":"https:\/\/www.fussball-tus-05-daun.de\/web\/wp-content\/uploads\/2021\/11\/DJI_0260-scaled.jpg","width":2560,"height":912,"caption":"DCIM100MEDIADJI_0260.JPG"},{"@type":"BreadcrumbList","@id":"https:\/\/www.fussball-tus-05-daun.de\/web\/2021\/11\/05\/kickmit-startet-wieder-durch\/#breadcrumb","itemListElement":[{"@type":"ListItem","position":1,"name":"Startseite","item":"https:\/\/www.fussball-tus-05-daun.de\/web\/"},{"@type":"ListItem","position":2,"name":"KickMit startet wieder durch!"}]},{"@type":"WebSite","@id":"https:\/\/www.fussball-tus-05-daun.de\/web\/#website","url":"https:\/\/www.fussball-tus-05-daun.de\/web\/","name":"Fu\u00dfball - TuS-05 Daun","description":"","publisher":{"@id":"https:\/\/www.fussball-tus-05-daun.de\/web\/#organization"},"potentialAction":[{"@type":"SearchAction","target":{"@type":"EntryPoint","urlTemplate":"https:\/\/www.fussball-tus-05-daun.de\/web\/?s={search_term_string}"},"query-input":{"@type":"PropertyValueSpecification","valueRequired":true,"valueName":"search_term_string"}}],"inLanguage":"de"},{"@type":"Organization","@id":"https:\/\/www.fussball-tus-05-daun.de\/web\/#organization","name":"Fu\u00dfball - TuS Daun 05","url":"https:\/\/www.fussball-tus-05-daun.de\/web\/","logo":{"@type":"ImageObject","inLanguage":"de","@id":"https:\/\/www.fussball-tus-05-daun.de\/web\/#\/schema\/logo\/image\/","url":"https:\/\/www.fussball-tus-05-daun.de\/web\/wp-content\/uploads\/2019\/01\/TuSDaun05.jpg","contentUrl":"https:\/\/www.fussball-tus-05-daun.de\/web\/wp-content\/uploads\/2019\/01\/TuSDaun05.jpg","width":1533,"height":505,"caption":"Fu\u00dfball - TuS Daun 05"},"image":{"@id":"https:\/\/www.fussball-tus-05-daun.de\/web\/#\/schema\/logo\/image\/"},"sameAs":["https:\/\/www.facebook.com\/Tus05DaunFussball\/"]},{"@type":"Person","@id":"https:\/\/www.fussball-tus-05-daun.de\/web\/#\/schema\/person\/903c0f6d9575ff029d9cb79ca40d3dfa","name":"Sven Edinger","image":{"@type":"ImageObject","inLanguage":"de","@id":"https:\/\/secure.gravatar.com\/avatar\/f2cf85e0fb1c54df8a26d01509cd8fc6c658cd04f26c533cf91f1194ee13f7fa?s=96&d=mm&r=g","url":"https:\/\/secure.gravatar.com\/avatar\/f2cf85e0fb1c54df8a26d01509cd8fc6c658cd04f26c533cf91f1194ee13f7fa?s=96&d=mm&r=g","contentUrl":"https:\/\/secure.gravatar.com\/avatar\/f2cf85e0fb1c54df8a26d01509cd8fc6c658cd04f26c533cf91f1194ee13f7fa?s=96&d=mm&r=g","caption":"Sven Edinger"}}]}},"_links":{"self":[{"href":"https:\/\/www.fussball-tus-05-daun.de\/web\/wp-json\/wp\/v2\/posts\/1070","targetHints":{"allow":["GET"]}}],"collection":[{"href":"https:\/\/www.fussball-tus-05-daun.de\/web\/wp-json\/wp\/v2\/posts"}],"about":[{"href":"https:\/\/www.fussball-tus-05-daun.de\/web\/wp-json\/wp\/v2\/types\/post"}],"author":[{"embeddable":true,"href":"https:\/\/www.fussball-tus-05-daun.de\/web\/wp-json\/wp\/v2\/users\/2"}],"replies":[{"embeddable":true,"href":"https:\/\/www.fussball-tus-05-daun.de\/web\/wp-json\/wp\/v2\/comments?post=1070"}],"version-history":[{"count":1,"href":"https:\/\/www.fussball-tus-05-daun.de\/web\/wp-json\/wp\/v2\/posts\/1070\/revisions"}],"predecessor-version":[{"id":1072,"href":"https:\/\/www.fussball-tus-05-daun.de\/web\/wp-json\/wp\/v2\/posts\/1070\/revisions\/1072"}],"wp:featuredmedia":[{"embeddable":true,"href":"https:\/\/www.fussball-tus-05-daun.de\/web\/wp-json\/wp\/v2\/media\/1073"}],"wp:attachment":[{"href":"https:\/\/www.fussball-tus-05-daun.de\/web\/wp-json\/wp\/v2\/media?parent=1070"}],"wp:term":[{"taxonomy":"category","embeddable":true,"href":"https:\/\/www.fussball-tus-05-daun.de\/web\/wp-json\/wp\/v2\/categories?post=1070"},{"taxonomy":"post_tag","embeddable":true,"href":"https:\/\/www.fussball-tus-05-daun.de\/web\/wp-json\/wp\/v2\/tags?post=1070"}],"curies":[{"name":"wp","href":"https:\/\/api.w.org\/{rel}","templated":true}]}}