{"id":1030,"date":"2021-09-09T11:48:37","date_gmt":"2021-09-09T09:48:37","guid":{"rendered":"https:\/\/www.fussball-tus-05-daun.de\/web\/?p=1030"},"modified":"2021-09-09T11:48:38","modified_gmt":"2021-09-09T09:48:38","slug":"ah-tus-05-daun-mit-aeltestem-teilnehmer-beim-dfb-walking-football-turnier-in-trier","status":"publish","type":"post","link":"https:\/\/www.fussball-tus-05-daun.de\/web\/2021\/09\/09\/ah-tus-05-daun-mit-aeltestem-teilnehmer-beim-dfb-walking-football-turnier-in-trier\/","title":{"rendered":"AH-TuS 05 Daun mit \u00e4ltestem Teilnehmer beim DFB Walking-Football Turnier in Trier"},"content":{"rendered":"\n<p>Vom 03. \u2013 05. Sept. 2021 veranstaltete die DFB-Stiftung Sepp Herberger die Fu\u00dfball-Inklusionstage \u201eZusammenSpiel\u201c in Trier. Zum Abschluss fand am Sonntagnachmittag ein Walking-Football-Turnier mit insgesamt sechs beteiligten Mannschaften statt. Mit dabei waren der SV Remagen, die Walking Football Union, Bayer 04 Leverkusen, Spfr. G\u00f6nnersdorf, der SV Untermosel sowie die AH-TuS 05 Daun.<\/p>\n\n\n\n<p>Gespielt wurde, mit einer jeweils 10-min\u00fctigen Spielzeit, jeder gegen jeden. Eine Mannschaft bestand aus f\u00fcnf Spielern. Die Spiele wurden auf einem eigens f\u00fcr die Gesamtveranstaltung aufgebauten Kunstrasenplatz auf dem Viehmarktplatz in Trier durchgef\u00fchrt. F\u00fcr ein erlebnisreiches Stadionfeeling sorgten zwei Trib\u00fcnenaufbauten mit insgesamt 300 zugelassenen Zuschauerpl\u00e4tzen.<\/p>\n\n\n\n<p>Auf dem klassischen Walking-Football-Feld, mit den Ma\u00dfen 42&#215;21 Metern, gestalteten sich die Spiele bei knapp 30 Grad sommerlichen Temperaturen als sehr kr\u00e4fteraubend. Je nach hohem Mannschafts-Durchschnittsalter und ohne Auswechselspieler musste die ein oder andere Mannschaft den Spielen zunehmend Tribut zollen.<br><br>So auch die Spieler der AH-TuS 05 Daun, die im Endergebnis den 5. Platz belegten. Mit besonderer Auszeichnung als \u00e4ltester aktiver Teilnehmer\/Spieler wurde Otto Panzer mit 78 Jahren von der Turnierleitung mit einem T-Shirt-Pr\u00e4sent und einer Urkunde ausgezeichnet. Mit Stolz und der Erkenntnis, dass man noch gut mithalten konnte und die Spiele nur knapp und mit etwas Pech verloren hatte, beendeten die tapferen Recken der AH-TuS 05 Daun den erlebnisreichen Turniertag.<\/p>\n\n\n\n<figure class=\"wp-block-image size-large\"><img loading=\"lazy\" decoding=\"async\" width=\"683\" height=\"1024\" src=\"https:\/\/www.fussball-tus-05-daun.de\/web\/wp-content\/uploads\/2021\/09\/IMG_2775-683x1024.jpg\" alt=\"\" class=\"wp-image-1032\" srcset=\"https:\/\/www.fussball-tus-05-daun.de\/web\/wp-content\/uploads\/2021\/09\/IMG_2775-683x1024.jpg 683w, https:\/\/www.fussball-tus-05-daun.de\/web\/wp-content\/uploads\/2021\/09\/IMG_2775-200x300.jpg 200w, https:\/\/www.fussball-tus-05-daun.de\/web\/wp-content\/uploads\/2021\/09\/IMG_2775-768x1152.jpg 768w, https:\/\/www.fussball-tus-05-daun.de\/web\/wp-content\/uploads\/2021\/09\/IMG_2775-1024x1536.jpg 1024w, https:\/\/www.fussball-tus-05-daun.de\/web\/wp-content\/uploads\/2021\/09\/IMG_2775-1365x2048.jpg 1365w, https:\/\/www.fussball-tus-05-daun.de\/web\/wp-content\/uploads\/2021\/09\/IMG_2775-1200x1800.jpg 1200w, https:\/\/www.fussball-tus-05-daun.de\/web\/wp-content\/uploads\/2021\/09\/IMG_2775-scaled.jpg 1707w\" sizes=\"auto, (max-width: 709px) 85vw, (max-width: 909px) 67vw, (max-width: 984px) 61vw, (max-width: 1362px) 45vw, 600px\" \/><figcaption>Otto Panzer bei der Auszeichnung durch den MdB Andreas Steier, Trier<\/figcaption><\/figure>\n\n\n\n<figure class=\"wp-block-image size-large\"><img loading=\"lazy\" decoding=\"async\" width=\"1024\" height=\"683\" src=\"https:\/\/www.fussball-tus-05-daun.de\/web\/wp-content\/uploads\/2021\/09\/IMG_2708-1-1024x683.jpg\" alt=\"\" class=\"wp-image-1034\" srcset=\"https:\/\/www.fussball-tus-05-daun.de\/web\/wp-content\/uploads\/2021\/09\/IMG_2708-1-1024x683.jpg 1024w, https:\/\/www.fussball-tus-05-daun.de\/web\/wp-content\/uploads\/2021\/09\/IMG_2708-1-300x200.jpg 300w, https:\/\/www.fussball-tus-05-daun.de\/web\/wp-content\/uploads\/2021\/09\/IMG_2708-1-768x512.jpg 768w, https:\/\/www.fussball-tus-05-daun.de\/web\/wp-content\/uploads\/2021\/09\/IMG_2708-1-1536x1024.jpg 1536w, https:\/\/www.fussball-tus-05-daun.de\/web\/wp-content\/uploads\/2021\/09\/IMG_2708-1-2048x1365.jpg 2048w, https:\/\/www.fussball-tus-05-daun.de\/web\/wp-content\/uploads\/2021\/09\/IMG_2708-1-1200x800.jpg 1200w\" sizes=\"auto, (max-width: 709px) 85vw, (max-width: 909px) 67vw, (max-width: 1362px) 62vw, 840px\" \/><figcaption>Die Walking Football Spieler der AH TUS 05 Daun (v.r.n.l.: Otto Panzer, Normann Engel, Reinhold Weis, G\u00fcnter Th\u00f6nnes, Ali Akbary)<\/figcaption><\/figure>\n","protected":false},"excerpt":{"rendered":"<p>Vom 03. \u2013 05. Sept. 2021 veranstaltete die DFB-Stiftung Sepp Herberger die Fu\u00dfball-Inklusionstage \u201eZusammenSpiel\u201c in Trier. Zum Abschluss fand am Sonntagnachmittag ein Walking-Football-Turnier mit insgesamt sechs beteiligten Mannschaften statt. Mit dabei waren der SV Remagen, die Walking Football Union, Bayer 04 Leverkusen, Spfr. G\u00f6nnersdorf, der SV Untermosel sowie die AH-TuS 05 Daun. Gespielt wurde, mit &hellip; <a href=\"https:\/\/www.fussball-tus-05-daun.de\/web\/2021\/09\/09\/ah-tus-05-daun-mit-aeltestem-teilnehmer-beim-dfb-walking-football-turnier-in-trier\/\" class=\"more-link\"><span class=\"screen-reader-text\">\u201eAH-TuS 05 Daun mit \u00e4ltestem Teilnehmer beim DFB Walking-Football Turnier in Trier\u201c <\/span>weiterlesen<\/a><\/p>\n","protected":false},"author":4,"featured_media":1031,"comment_status":"closed","ping_status":"closed","sticky":false,"template":"","format":"standard","meta":{"footnotes":""},"categories":[1,14],"tags":[],"class_list":["post-1030","post","type-post","status-publish","format-standard","has-post-thumbnail","hentry","category-allgemein","category-alt-herren"],"yoast_head":"<!-- This site is optimized with the Yoast SEO plugin v27.5 - https:\/\/yoast.com\/product\/yoast-seo-wordpress\/ -->\n<title>AH-TuS 05 Daun mit \u00e4ltestem Teilnehmer beim DFB Walking-Football Turnier in Trier - Fu\u00dfball - TuS-05 Daun<\/title>\n<meta name=\"robots\" content=\"index, follow, max-snippet:-1, max-image-preview:large, max-video-preview:-1\" \/>\n<link rel=\"canonical\" href=\"https:\/\/www.fussball-tus-05-daun.de\/web\/2021\/09\/09\/ah-tus-05-daun-mit-aeltestem-teilnehmer-beim-dfb-walking-football-turnier-in-trier\/\" \/>\n<meta property=\"og:locale\" content=\"de_DE\" \/>\n<meta property=\"og:type\" content=\"article\" \/>\n<meta property=\"og:title\" content=\"AH-TuS 05 Daun mit \u00e4ltestem Teilnehmer beim DFB Walking-Football Turnier in Trier - Fu\u00dfball - TuS-05 Daun\" \/>\n<meta property=\"og:description\" content=\"Vom 03. \u2013 05. Sept. 2021 veranstaltete die DFB-Stiftung Sepp Herberger die Fu\u00dfball-Inklusionstage \u201eZusammenSpiel\u201c in Trier. Zum Abschluss fand am Sonntagnachmittag ein Walking-Football-Turnier mit insgesamt sechs beteiligten Mannschaften statt. Mit dabei waren der SV Remagen, die Walking Football Union, Bayer 04 Leverkusen, Spfr. G\u00f6nnersdorf, der SV Untermosel sowie die AH-TuS 05 Daun. Gespielt wurde, mit &hellip; \u201eAH-TuS 05 Daun mit \u00e4ltestem Teilnehmer beim DFB Walking-Football Turnier in Trier\u201c weiterlesen\" \/>\n<meta property=\"og:url\" content=\"https:\/\/www.fussball-tus-05-daun.de\/web\/2021\/09\/09\/ah-tus-05-daun-mit-aeltestem-teilnehmer-beim-dfb-walking-football-turnier-in-trier\/\" \/>\n<meta property=\"og:site_name\" content=\"Fu\u00dfball - TuS-05 Daun\" \/>\n<meta property=\"article:publisher\" content=\"https:\/\/www.facebook.com\/Tus05DaunFussball\/\" \/>\n<meta property=\"article:published_time\" content=\"2021-09-09T09:48:37+00:00\" \/>\n<meta property=\"article:modified_time\" content=\"2021-09-09T09:48:38+00:00\" \/>\n<meta property=\"og:image\" content=\"https:\/\/www.fussball-tus-05-daun.de\/web\/wp-content\/uploads\/2021\/09\/IMG_2708-scaled.jpg\" \/>\n\t<meta property=\"og:image:width\" content=\"2560\" \/>\n\t<meta property=\"og:image:height\" content=\"1707\" \/>\n\t<meta property=\"og:image:type\" content=\"image\/jpeg\" \/>\n<meta name=\"author\" content=\"G\u00fcnter Th\u00f6nnes\" \/>\n<meta name=\"twitter:card\" content=\"summary_large_image\" \/>\n<meta name=\"twitter:label1\" content=\"Verfasst von\" \/>\n\t<meta name=\"twitter:data1\" content=\"G\u00fcnter Th\u00f6nnes\" \/>\n\t<meta name=\"twitter:label2\" content=\"Gesch\u00e4tzte Lesezeit\" \/>\n\t<meta name=\"twitter:data2\" content=\"2\u00a0Minuten\" \/>\n<script type=\"application\/ld+json\" class=\"yoast-schema-graph\">{\"@context\":\"https:\\\/\\\/schema.org\",\"@graph\":[{\"@type\":\"Article\",\"@id\":\"https:\\\/\\\/www.fussball-tus-05-daun.de\\\/web\\\/2021\\\/09\\\/09\\\/ah-tus-05-daun-mit-aeltestem-teilnehmer-beim-dfb-walking-football-turnier-in-trier\\\/#article\",\"isPartOf\":{\"@id\":\"https:\\\/\\\/www.fussball-tus-05-daun.de\\\/web\\\/2021\\\/09\\\/09\\\/ah-tus-05-daun-mit-aeltestem-teilnehmer-beim-dfb-walking-football-turnier-in-trier\\\/\"},\"author\":{\"name\":\"G\u00fcnter Th\u00f6nnes\",\"@id\":\"https:\\\/\\\/www.fussball-tus-05-daun.de\\\/web\\\/#\\\/schema\\\/person\\\/f70be8d3ae4d620fec81126da617c012\"},\"headline\":\"AH-TuS 05 Daun mit \u00e4ltestem Teilnehmer beim DFB Walking-Football Turnier in Trier\",\"datePublished\":\"2021-09-09T09:48:37+00:00\",\"dateModified\":\"2021-09-09T09:48:38+00:00\",\"mainEntityOfPage\":{\"@id\":\"https:\\\/\\\/www.fussball-tus-05-daun.de\\\/web\\\/2021\\\/09\\\/09\\\/ah-tus-05-daun-mit-aeltestem-teilnehmer-beim-dfb-walking-football-turnier-in-trier\\\/\"},\"wordCount\":255,\"publisher\":{\"@id\":\"https:\\\/\\\/www.fussball-tus-05-daun.de\\\/web\\\/#organization\"},\"image\":{\"@id\":\"https:\\\/\\\/www.fussball-tus-05-daun.de\\\/web\\\/2021\\\/09\\\/09\\\/ah-tus-05-daun-mit-aeltestem-teilnehmer-beim-dfb-walking-football-turnier-in-trier\\\/#primaryimage\"},\"thumbnailUrl\":\"https:\\\/\\\/www.fussball-tus-05-daun.de\\\/web\\\/wp-content\\\/uploads\\\/2021\\\/09\\\/IMG_2708-scaled.jpg\",\"articleSection\":{\"1\":\"Alt-Herren\"},\"inLanguage\":\"de\"},{\"@type\":\"WebPage\",\"@id\":\"https:\\\/\\\/www.fussball-tus-05-daun.de\\\/web\\\/2021\\\/09\\\/09\\\/ah-tus-05-daun-mit-aeltestem-teilnehmer-beim-dfb-walking-football-turnier-in-trier\\\/\",\"url\":\"https:\\\/\\\/www.fussball-tus-05-daun.de\\\/web\\\/2021\\\/09\\\/09\\\/ah-tus-05-daun-mit-aeltestem-teilnehmer-beim-dfb-walking-football-turnier-in-trier\\\/\",\"name\":\"AH-TuS 05 Daun mit \u00e4ltestem Teilnehmer beim DFB Walking-Football Turnier in Trier - Fu\u00dfball - TuS-05 Daun\",\"isPartOf\":{\"@id\":\"https:\\\/\\\/www.fussball-tus-05-daun.de\\\/web\\\/#website\"},\"primaryImageOfPage\":{\"@id\":\"https:\\\/\\\/www.fussball-tus-05-daun.de\\\/web\\\/2021\\\/09\\\/09\\\/ah-tus-05-daun-mit-aeltestem-teilnehmer-beim-dfb-walking-football-turnier-in-trier\\\/#primaryimage\"},\"image\":{\"@id\":\"https:\\\/\\\/www.fussball-tus-05-daun.de\\\/web\\\/2021\\\/09\\\/09\\\/ah-tus-05-daun-mit-aeltestem-teilnehmer-beim-dfb-walking-football-turnier-in-trier\\\/#primaryimage\"},\"thumbnailUrl\":\"https:\\\/\\\/www.fussball-tus-05-daun.de\\\/web\\\/wp-content\\\/uploads\\\/2021\\\/09\\\/IMG_2708-scaled.jpg\",\"datePublished\":\"2021-09-09T09:48:37+00:00\",\"dateModified\":\"2021-09-09T09:48:38+00:00\",\"breadcrumb\":{\"@id\":\"https:\\\/\\\/www.fussball-tus-05-daun.de\\\/web\\\/2021\\\/09\\\/09\\\/ah-tus-05-daun-mit-aeltestem-teilnehmer-beim-dfb-walking-football-turnier-in-trier\\\/#breadcrumb\"},\"inLanguage\":\"de\",\"potentialAction\":[{\"@type\":\"ReadAction\",\"target\":[\"https:\\\/\\\/www.fussball-tus-05-daun.de\\\/web\\\/2021\\\/09\\\/09\\\/ah-tus-05-daun-mit-aeltestem-teilnehmer-beim-dfb-walking-football-turnier-in-trier\\\/\"]}]},{\"@type\":\"ImageObject\",\"inLanguage\":\"de\",\"@id\":\"https:\\\/\\\/www.fussball-tus-05-daun.de\\\/web\\\/2021\\\/09\\\/09\\\/ah-tus-05-daun-mit-aeltestem-teilnehmer-beim-dfb-walking-football-turnier-in-trier\\\/#primaryimage\",\"url\":\"https:\\\/\\\/www.fussball-tus-05-daun.de\\\/web\\\/wp-content\\\/uploads\\\/2021\\\/09\\\/IMG_2708-scaled.jpg\",\"contentUrl\":\"https:\\\/\\\/www.fussball-tus-05-daun.de\\\/web\\\/wp-content\\\/uploads\\\/2021\\\/09\\\/IMG_2708-scaled.jpg\",\"width\":2560,\"height\":1707},{\"@type\":\"BreadcrumbList\",\"@id\":\"https:\\\/\\\/www.fussball-tus-05-daun.de\\\/web\\\/2021\\\/09\\\/09\\\/ah-tus-05-daun-mit-aeltestem-teilnehmer-beim-dfb-walking-football-turnier-in-trier\\\/#breadcrumb\",\"itemListElement\":[{\"@type\":\"ListItem\",\"position\":1,\"name\":\"Startseite\",\"item\":\"https:\\\/\\\/www.fussball-tus-05-daun.de\\\/web\\\/\"},{\"@type\":\"ListItem\",\"position\":2,\"name\":\"AH-TuS 05 Daun mit \u00e4ltestem Teilnehmer beim DFB Walking-Football Turnier in Trier\"}]},{\"@type\":\"WebSite\",\"@id\":\"https:\\\/\\\/www.fussball-tus-05-daun.de\\\/web\\\/#website\",\"url\":\"https:\\\/\\\/www.fussball-tus-05-daun.de\\\/web\\\/\",\"name\":\"Fu\u00dfball - TuS-05 Daun\",\"description\":\"\",\"publisher\":{\"@id\":\"https:\\\/\\\/www.fussball-tus-05-daun.de\\\/web\\\/#organization\"},\"potentialAction\":[{\"@type\":\"SearchAction\",\"target\":{\"@type\":\"EntryPoint\",\"urlTemplate\":\"https:\\\/\\\/www.fussball-tus-05-daun.de\\\/web\\\/?s={search_term_string}\"},\"query-input\":{\"@type\":\"PropertyValueSpecification\",\"valueRequired\":true,\"valueName\":\"search_term_string\"}}],\"inLanguage\":\"de\"},{\"@type\":\"Organization\",\"@id\":\"https:\\\/\\\/www.fussball-tus-05-daun.de\\\/web\\\/#organization\",\"name\":\"Fu\u00dfball - TuS Daun 05\",\"url\":\"https:\\\/\\\/www.fussball-tus-05-daun.de\\\/web\\\/\",\"logo\":{\"@type\":\"ImageObject\",\"inLanguage\":\"de\",\"@id\":\"https:\\\/\\\/www.fussball-tus-05-daun.de\\\/web\\\/#\\\/schema\\\/logo\\\/image\\\/\",\"url\":\"https:\\\/\\\/www.fussball-tus-05-daun.de\\\/web\\\/wp-content\\\/uploads\\\/2019\\\/01\\\/TuSDaun05.jpg\",\"contentUrl\":\"https:\\\/\\\/www.fussball-tus-05-daun.de\\\/web\\\/wp-content\\\/uploads\\\/2019\\\/01\\\/TuSDaun05.jpg\",\"width\":1533,\"height\":505,\"caption\":\"Fu\u00dfball - TuS Daun 05\"},\"image\":{\"@id\":\"https:\\\/\\\/www.fussball-tus-05-daun.de\\\/web\\\/#\\\/schema\\\/logo\\\/image\\\/\"},\"sameAs\":[\"https:\\\/\\\/www.facebook.com\\\/Tus05DaunFussball\\\/\"]},{\"@type\":\"Person\",\"@id\":\"https:\\\/\\\/www.fussball-tus-05-daun.de\\\/web\\\/#\\\/schema\\\/person\\\/f70be8d3ae4d620fec81126da617c012\",\"name\":\"G\u00fcnter Th\u00f6nnes\",\"image\":{\"@type\":\"ImageObject\",\"inLanguage\":\"de\",\"@id\":\"https:\\\/\\\/secure.gravatar.com\\\/avatar\\\/ba689223078061fc35f279a122a871ccbddd801d5b8313c41a6b604dacf33748?s=96&d=mm&r=g\",\"url\":\"https:\\\/\\\/secure.gravatar.com\\\/avatar\\\/ba689223078061fc35f279a122a871ccbddd801d5b8313c41a6b604dacf33748?s=96&d=mm&r=g\",\"contentUrl\":\"https:\\\/\\\/secure.gravatar.com\\\/avatar\\\/ba689223078061fc35f279a122a871ccbddd801d5b8313c41a6b604dacf33748?s=96&d=mm&r=g\",\"caption\":\"G\u00fcnter Th\u00f6nnes\"}}]}<\/script>\n<!-- \/ Yoast SEO plugin. -->","yoast_head_json":{"title":"AH-TuS 05 Daun mit \u00e4ltestem Teilnehmer beim DFB Walking-Football Turnier in Trier - Fu\u00dfball - TuS-05 Daun","robots":{"index":"index","follow":"follow","max-snippet":"max-snippet:-1","max-image-preview":"max-image-preview:large","max-video-preview":"max-video-preview:-1"},"canonical":"https:\/\/www.fussball-tus-05-daun.de\/web\/2021\/09\/09\/ah-tus-05-daun-mit-aeltestem-teilnehmer-beim-dfb-walking-football-turnier-in-trier\/","og_locale":"de_DE","og_type":"article","og_title":"AH-TuS 05 Daun mit \u00e4ltestem Teilnehmer beim DFB Walking-Football Turnier in Trier - Fu\u00dfball - TuS-05 Daun","og_description":"Vom 03. \u2013 05. Sept. 2021 veranstaltete die DFB-Stiftung Sepp Herberger die Fu\u00dfball-Inklusionstage \u201eZusammenSpiel\u201c in Trier. Zum Abschluss fand am Sonntagnachmittag ein Walking-Football-Turnier mit insgesamt sechs beteiligten Mannschaften statt. Mit dabei waren der SV Remagen, die Walking Football Union, Bayer 04 Leverkusen, Spfr. G\u00f6nnersdorf, der SV Untermosel sowie die AH-TuS 05 Daun. Gespielt wurde, mit &hellip; \u201eAH-TuS 05 Daun mit \u00e4ltestem Teilnehmer beim DFB Walking-Football Turnier in Trier\u201c weiterlesen","og_url":"https:\/\/www.fussball-tus-05-daun.de\/web\/2021\/09\/09\/ah-tus-05-daun-mit-aeltestem-teilnehmer-beim-dfb-walking-football-turnier-in-trier\/","og_site_name":"Fu\u00dfball - TuS-05 Daun","article_publisher":"https:\/\/www.facebook.com\/Tus05DaunFussball\/","article_published_time":"2021-09-09T09:48:37+00:00","article_modified_time":"2021-09-09T09:48:38+00:00","og_image":[{"width":2560,"height":1707,"url":"https:\/\/www.fussball-tus-05-daun.de\/web\/wp-content\/uploads\/2021\/09\/IMG_2708-scaled.jpg","type":"image\/jpeg"}],"author":"G\u00fcnter Th\u00f6nnes","twitter_card":"summary_large_image","twitter_misc":{"Verfasst von":"G\u00fcnter Th\u00f6nnes","Gesch\u00e4tzte Lesezeit":"2\u00a0Minuten"},"schema":{"@context":"https:\/\/schema.org","@graph":[{"@type":"Article","@id":"https:\/\/www.fussball-tus-05-daun.de\/web\/2021\/09\/09\/ah-tus-05-daun-mit-aeltestem-teilnehmer-beim-dfb-walking-football-turnier-in-trier\/#article","isPartOf":{"@id":"https:\/\/www.fussball-tus-05-daun.de\/web\/2021\/09\/09\/ah-tus-05-daun-mit-aeltestem-teilnehmer-beim-dfb-walking-football-turnier-in-trier\/"},"author":{"name":"G\u00fcnter Th\u00f6nnes","@id":"https:\/\/www.fussball-tus-05-daun.de\/web\/#\/schema\/person\/f70be8d3ae4d620fec81126da617c012"},"headline":"AH-TuS 05 Daun mit \u00e4ltestem Teilnehmer beim DFB Walking-Football Turnier in Trier","datePublished":"2021-09-09T09:48:37+00:00","dateModified":"2021-09-09T09:48:38+00:00","mainEntityOfPage":{"@id":"https:\/\/www.fussball-tus-05-daun.de\/web\/2021\/09\/09\/ah-tus-05-daun-mit-aeltestem-teilnehmer-beim-dfb-walking-football-turnier-in-trier\/"},"wordCount":255,"publisher":{"@id":"https:\/\/www.fussball-tus-05-daun.de\/web\/#organization"},"image":{"@id":"https:\/\/www.fussball-tus-05-daun.de\/web\/2021\/09\/09\/ah-tus-05-daun-mit-aeltestem-teilnehmer-beim-dfb-walking-football-turnier-in-trier\/#primaryimage"},"thumbnailUrl":"https:\/\/www.fussball-tus-05-daun.de\/web\/wp-content\/uploads\/2021\/09\/IMG_2708-scaled.jpg","articleSection":{"1":"Alt-Herren"},"inLanguage":"de"},{"@type":"WebPage","@id":"https:\/\/www.fussball-tus-05-daun.de\/web\/2021\/09\/09\/ah-tus-05-daun-mit-aeltestem-teilnehmer-beim-dfb-walking-football-turnier-in-trier\/","url":"https:\/\/www.fussball-tus-05-daun.de\/web\/2021\/09\/09\/ah-tus-05-daun-mit-aeltestem-teilnehmer-beim-dfb-walking-football-turnier-in-trier\/","name":"AH-TuS 05 Daun mit \u00e4ltestem Teilnehmer beim DFB Walking-Football Turnier in Trier - Fu\u00dfball - TuS-05 Daun","isPartOf":{"@id":"https:\/\/www.fussball-tus-05-daun.de\/web\/#website"},"primaryImageOfPage":{"@id":"https:\/\/www.fussball-tus-05-daun.de\/web\/2021\/09\/09\/ah-tus-05-daun-mit-aeltestem-teilnehmer-beim-dfb-walking-football-turnier-in-trier\/#primaryimage"},"image":{"@id":"https:\/\/www.fussball-tus-05-daun.de\/web\/2021\/09\/09\/ah-tus-05-daun-mit-aeltestem-teilnehmer-beim-dfb-walking-football-turnier-in-trier\/#primaryimage"},"thumbnailUrl":"https:\/\/www.fussball-tus-05-daun.de\/web\/wp-content\/uploads\/2021\/09\/IMG_2708-scaled.jpg","datePublished":"2021-09-09T09:48:37+00:00","dateModified":"2021-09-09T09:48:38+00:00","breadcrumb":{"@id":"https:\/\/www.fussball-tus-05-daun.de\/web\/2021\/09\/09\/ah-tus-05-daun-mit-aeltestem-teilnehmer-beim-dfb-walking-football-turnier-in-trier\/#breadcrumb"},"inLanguage":"de","potentialAction":[{"@type":"ReadAction","target":["https:\/\/www.fussball-tus-05-daun.de\/web\/2021\/09\/09\/ah-tus-05-daun-mit-aeltestem-teilnehmer-beim-dfb-walking-football-turnier-in-trier\/"]}]},{"@type":"ImageObject","inLanguage":"de","@id":"https:\/\/www.fussball-tus-05-daun.de\/web\/2021\/09\/09\/ah-tus-05-daun-mit-aeltestem-teilnehmer-beim-dfb-walking-football-turnier-in-trier\/#primaryimage","url":"https:\/\/www.fussball-tus-05-daun.de\/web\/wp-content\/uploads\/2021\/09\/IMG_2708-scaled.jpg","contentUrl":"https:\/\/www.fussball-tus-05-daun.de\/web\/wp-content\/uploads\/2021\/09\/IMG_2708-scaled.jpg","width":2560,"height":1707},{"@type":"BreadcrumbList","@id":"https:\/\/www.fussball-tus-05-daun.de\/web\/2021\/09\/09\/ah-tus-05-daun-mit-aeltestem-teilnehmer-beim-dfb-walking-football-turnier-in-trier\/#breadcrumb","itemListElement":[{"@type":"ListItem","position":1,"name":"Startseite","item":"https:\/\/www.fussball-tus-05-daun.de\/web\/"},{"@type":"ListItem","position":2,"name":"AH-TuS 05 Daun mit \u00e4ltestem Teilnehmer beim DFB Walking-Football Turnier in Trier"}]},{"@type":"WebSite","@id":"https:\/\/www.fussball-tus-05-daun.de\/web\/#website","url":"https:\/\/www.fussball-tus-05-daun.de\/web\/","name":"Fu\u00dfball - TuS-05 Daun","description":"","publisher":{"@id":"https:\/\/www.fussball-tus-05-daun.de\/web\/#organization"},"potentialAction":[{"@type":"SearchAction","target":{"@type":"EntryPoint","urlTemplate":"https:\/\/www.fussball-tus-05-daun.de\/web\/?s={search_term_string}"},"query-input":{"@type":"PropertyValueSpecification","valueRequired":true,"valueName":"search_term_string"}}],"inLanguage":"de"},{"@type":"Organization","@id":"https:\/\/www.fussball-tus-05-daun.de\/web\/#organization","name":"Fu\u00dfball - TuS Daun 05","url":"https:\/\/www.fussball-tus-05-daun.de\/web\/","logo":{"@type":"ImageObject","inLanguage":"de","@id":"https:\/\/www.fussball-tus-05-daun.de\/web\/#\/schema\/logo\/image\/","url":"https:\/\/www.fussball-tus-05-daun.de\/web\/wp-content\/uploads\/2019\/01\/TuSDaun05.jpg","contentUrl":"https:\/\/www.fussball-tus-05-daun.de\/web\/wp-content\/uploads\/2019\/01\/TuSDaun05.jpg","width":1533,"height":505,"caption":"Fu\u00dfball - TuS Daun 05"},"image":{"@id":"https:\/\/www.fussball-tus-05-daun.de\/web\/#\/schema\/logo\/image\/"},"sameAs":["https:\/\/www.facebook.com\/Tus05DaunFussball\/"]},{"@type":"Person","@id":"https:\/\/www.fussball-tus-05-daun.de\/web\/#\/schema\/person\/f70be8d3ae4d620fec81126da617c012","name":"G\u00fcnter Th\u00f6nnes","image":{"@type":"ImageObject","inLanguage":"de","@id":"https:\/\/secure.gravatar.com\/avatar\/ba689223078061fc35f279a122a871ccbddd801d5b8313c41a6b604dacf33748?s=96&d=mm&r=g","url":"https:\/\/secure.gravatar.com\/avatar\/ba689223078061fc35f279a122a871ccbddd801d5b8313c41a6b604dacf33748?s=96&d=mm&r=g","contentUrl":"https:\/\/secure.gravatar.com\/avatar\/ba689223078061fc35f279a122a871ccbddd801d5b8313c41a6b604dacf33748?s=96&d=mm&r=g","caption":"G\u00fcnter Th\u00f6nnes"}}]}},"_links":{"self":[{"href":"https:\/\/www.fussball-tus-05-daun.de\/web\/wp-json\/wp\/v2\/posts\/1030","targetHints":{"allow":["GET"]}}],"collection":[{"href":"https:\/\/www.fussball-tus-05-daun.de\/web\/wp-json\/wp\/v2\/posts"}],"about":[{"href":"https:\/\/www.fussball-tus-05-daun.de\/web\/wp-json\/wp\/v2\/types\/post"}],"author":[{"embeddable":true,"href":"https:\/\/www.fussball-tus-05-daun.de\/web\/wp-json\/wp\/v2\/users\/4"}],"replies":[{"embeddable":true,"href":"https:\/\/www.fussball-tus-05-daun.de\/web\/wp-json\/wp\/v2\/comments?post=1030"}],"version-history":[{"count":2,"href":"https:\/\/www.fussball-tus-05-daun.de\/web\/wp-json\/wp\/v2\/posts\/1030\/revisions"}],"predecessor-version":[{"id":1035,"href":"https:\/\/www.fussball-tus-05-daun.de\/web\/wp-json\/wp\/v2\/posts\/1030\/revisions\/1035"}],"wp:featuredmedia":[{"embeddable":true,"href":"https:\/\/www.fussball-tus-05-daun.de\/web\/wp-json\/wp\/v2\/media\/1031"}],"wp:attachment":[{"href":"https:\/\/www.fussball-tus-05-daun.de\/web\/wp-json\/wp\/v2\/media?parent=1030"}],"wp:term":[{"taxonomy":"category","embeddable":true,"href":"https:\/\/www.fussball-tus-05-daun.de\/web\/wp-json\/wp\/v2\/categories?post=1030"},{"taxonomy":"post_tag","embeddable":true,"href":"https:\/\/www.fussball-tus-05-daun.de\/web\/wp-json\/wp\/v2\/tags?post=1030"}],"curies":[{"name":"wp","href":"https:\/\/api.w.org\/{rel}","templated":true}]}}